{"id":199434,"date":"2020-01-07T16:06:40","date_gmt":"2020-01-07T14:06:40","guid":{"rendered":"http:\/\/www.sana.sy\/tr\/?p=199434"},"modified":"2020-01-09T14:12:01","modified_gmt":"2020-01-09T12:12:01","slug":"turk-rejimine-tabi-kiralik-teroristler-rasul-aynda-zorbaliklarini-surduruyor","status":"publish","type":"post","link":"https:\/\/archive.sana.sy\/tr\/?p=199434","title":{"rendered":"T\u00fcrk Rejimine Tabi Kiral\u0131k Ter\u00f6ristler Rasul Ayn&#8217;da Zorbal\u0131klar\u0131n\u0131 S\u00fcrd\u00fcr\u00fcyor"},"content":{"rendered":"<p>HASEKE \u2013 T\u00fcrk rejimine tabi kiral\u0131k ter\u00f6ristleri Haseke k\u0131rsal\u0131n\u0131n kuzeyinde i\u015fgal ettikleri b\u00f6lgelerinde ahalilere kar\u015f\u0131 uygulad\u0131klar\u0131 zorbal\u0131klar\u0131na devam ederek Rasul Ayn\u2019daki \u00e7ift\u00e7ilerin bitkilerini ya\u011fmalad\u0131, i\u015fgalci T\u00fcrk g\u00fc\u00e7leri ise ayn\u0131 b\u00f6lgede yer alan Ebu Rasin Nahiyesine yeni askeri ara\u00e7lar ve te\u00e7hizatlar\u0131 yerle\u015ftirdi.<\/p>\n<p>SANA muhabiri; i\u015fgalci T\u00fcrk g\u00fc\u00e7lerinin emrinde \u00e7al\u0131\u015fan \u201cHamzat\u201d adl\u0131 ter\u00f6r gruplar\u0131n\u0131n Rasul Ayn k\u0131rsal\u0131nda yer alan Um el Dubus k\u00f6y\u00fcndeki \u00e7ift\u00e7ilere ait 38 ton arpay\u0131 ya\u011fmalad\u0131klar\u0131n\u0131 belirtti.<\/p>\n<p>\u00d6te yandan muhabir; i\u015fgalci T\u00fcrk g\u00fc\u00e7lerine tabi 16 askeri ara\u00e7tan olu\u015fan bir konvoyun T\u00fcrkiye ile s\u0131n\u0131r yak\u0131n\u0131nda bulunan el Sukkariye K\u00f6y\u00fcnden ge\u00e7ip Rasul Ayn Nahiyesine tabi Um U\u015fbe, Davudiye, Tel Muhammed ve Aneyk Hava k\u00f6ylerinde mevkiledi\u011fini belirtti.<\/p>\n<p>\u00c7eviri: P.M.<\/p>\n","protected":false},"excerpt":{"rendered":"<p>HASEKE \u2013 T\u00fcrk rejimine tabi kiral\u0131k ter\u00f6ristleri Haseke k\u0131rsal\u0131n\u0131n kuzeyinde i\u015fgal ettikleri b\u00f6lgelerinde ahalilere kar\u015f\u0131 uygulad\u0131klar\u0131 zorbal\u0131klar\u0131na devam ederek Rasul Ayn\u2019daki \u00e7ift\u00e7ilerin bitkilerini ya\u011fmalad\u0131, i\u015fgalci T\u00fcrk g\u00fc\u00e7leri ise ayn\u0131 b\u00f6lgede yer alan Ebu Rasin Nahiyesine yeni askeri ara\u00e7lar ve te\u00e7hizatlar\u0131 yerle\u015ftirdi. SANA muhabiri; i\u015fgalci T\u00fcrk g\u00fc\u00e7lerinin emrinde \u00e7al\u0131\u015fan \u201cHamzat\u201d adl\u0131 ter\u00f6r gruplar\u0131n\u0131n Rasul Ayn k\u0131rsal\u0131nda &hellip;<\/p>\n","protected":false},"author":1,"featured_media":199438,"comment_status":"closed","ping_status":"closed","sticky":false,"template":"","format":"standard","meta":{"footnotes":""},"categories":[479,17988,2554,2555,478],"tags":[],"class_list":["post-199434","post","type-post","status-publish","format-standard","has-post-thumbnail","","category-haberler-yerel","category-son-haberler","category-suriye-ve-dunya","category-suriye-ve-turkiye","category-yerel"],"_links":{"self":[{"href":"https:\/\/archive.sana.sy\/tr\/index.php?rest_route=\/wp\/v2\/posts\/199434","targetHints":{"allow":["GET"]}}],"collection":[{"href":"https:\/\/archive.sana.sy\/tr\/index.php?rest_route=\/wp\/v2\/posts"}],"about":[{"href":"https:\/\/archive.sana.sy\/tr\/index.php?rest_route=\/wp\/v2\/types\/post"}],"author":[{"embeddable":true,"href":"https:\/\/archive.sana.sy\/tr\/index.php?rest_route=\/wp\/v2\/users\/1"}],"replies":[{"embeddable":true,"href":"https:\/\/archive.sana.sy\/tr\/index.php?rest_route=%2Fwp%2Fv2%2Fcomments&post=199434"}],"version-history":[{"count":0,"href":"https:\/\/archive.sana.sy\/tr\/index.php?rest_route=\/wp\/v2\/posts\/199434\/revisions"}],"wp:featuredmedia":[{"embeddable":true,"href":"https:\/\/archive.sana.sy\/tr\/index.php?rest_route=\/wp\/v2\/media\/199438"}],"wp:attachment":[{"href":"https:\/\/archive.sana.sy\/tr\/index.php?rest_route=%2Fwp%2Fv2%2Fmedia&parent=199434"}],"wp:term":[{"taxonomy":"category","embeddable":true,"href":"https:\/\/archive.sana.sy\/tr\/index.php?rest_route=%2Fwp%2Fv2%2Fcategories&post=199434"},{"taxonomy":"post_tag","embeddable":true,"href":"https:\/\/archive.sana.sy\/tr\/index.php?rest_route=%2Fwp%2Fv2%2Ftags&post=199434"}],"curies":[{"name":"wp","href":"https:\/\/api.w.org\/{rel}","templated":true}]}}