{"id":199454,"date":"2020-01-07T16:56:12","date_gmt":"2020-01-07T14:56:12","guid":{"rendered":"http:\/\/www.sana.sy\/tr\/?p=199454"},"modified":"2020-01-09T14:12:24","modified_gmt":"2020-01-09T12:12:24","slug":"irak-buyukelciliginde-cumhurbaskani-el-esadin-taziyetlerini-iletti","status":"publish","type":"post","link":"https:\/\/archive.sana.sy\/tr\/?p=199454","title":{"rendered":"Irak B\u00fcy\u00fckel\u00e7ili\u011finde Cumhurba\u015fkan\u0131 el Esad&#8217;\u0131n Taziyetlerini \u0130letti (V\u0130DEO)"},"content":{"rendered":"<p>\u015eAM \u2013 Cumhurba\u015fkan\u0131 Be\u015f\u015far el Esad\u2019\u0131n teklifiyle, Cumhurba\u015fkanl\u0131\u011f\u0131 \u0130\u015flerinden Sorumlu Bakan\u0131 Mansur Azzam karde\u015f Irak\u2019\u0131n \u015eam\u2019daki B\u00fcy\u00fckel\u00e7ili\u011fine ziyaret edip Ha\u015fdi \u015eabi Genel Ba\u015fkan\u0131 Yard\u0131mc\u0131s\u0131 Ebu Mehdi el M\u00fchendis ve yolda\u015flar\u0131n \u015fehit d\u00fc\u015fmeleri ile ilgili Ba\u015fkan Esad\u2019\u0131n taziyelerini iletti.<\/p>\n<p><img loading=\"lazy\" decoding=\"async\" class=\"alignright wp-image-199459 size-medium\" src=\"http:\/\/www.sana.sy\/tr\/wp-content\/uploads\/2020\/01\/700-300x168.jpg\" alt=\"\" width=\"300\" height=\"168\" srcset=\"https:\/\/archive.sana.sy\/tr\/wp-content\/uploads\/2020\/01\/700-300x168.jpg 300w, https:\/\/archive.sana.sy\/tr\/wp-content\/uploads\/2020\/01\/700-150x84.jpg 150w, https:\/\/archive.sana.sy\/tr\/wp-content\/uploads\/2020\/01\/700.jpg 660w\" sizes=\"auto, (max-width: 300px) 100vw, 300px\" \/><\/p>\n<p>Bakan Azzam, Irak B\u00fcy\u00fckel\u00e7ili\u011finin taziye sicilinde Irak halk\u0131na ve \u015fehit ailelerine Cumhurba\u015fkan\u0131 el Esad\u2019tan aktard\u0131\u011f\u0131 taziyetlerini kaydetti.<\/p>\n<p>Bakan Azzam Irak B\u00fcy\u00fckel\u00e7ili\u011fine bulundu\u011fu ziyaretinde yapt\u0131\u011f\u0131 kelimede; yap\u0131lan bu sald\u0131r\u0131s\u0131n\u0131n Uluslararas\u0131 Kanuna,BM antla\u015fmas\u0131na ve Irak\u2019\u0131n egemenli\u011fine bir ihlal oldu\u011funu vurgularken d\u00fc\u015fen \u015fehitlerin, direni\u015f yolunda bulunan \u00f6zg\u00fcrl\u00fck sava\u015f\u00e7\u0131lar\u0131 ve gelecek nesiller i\u00e7in yollar\u0131n\u0131 ayd\u0131nlatan bir me\u015fale oldu\u011funa i\u015faret etti.<\/p>\n<p><img loading=\"lazy\" decoding=\"async\" class=\"alignright size-medium wp-image-199460\" src=\"http:\/\/www.sana.sy\/tr\/wp-content\/uploads\/2020\/01\/800-4-300x168.jpg\" alt=\"\" width=\"300\" height=\"168\" srcset=\"https:\/\/archive.sana.sy\/tr\/wp-content\/uploads\/2020\/01\/800-4-300x168.jpg 300w, https:\/\/archive.sana.sy\/tr\/wp-content\/uploads\/2020\/01\/800-4-150x84.jpg 150w, https:\/\/archive.sana.sy\/tr\/wp-content\/uploads\/2020\/01\/800-4.jpg 660w\" sizes=\"auto, (max-width: 300px) 100vw, 300px\" \/><\/p>\n<p>Bas\u0131n mensuplere yap\u0131t\u011f\u0131 a\u00e7\u0131klamadaysa Azzam; Ebu Mehdi el M\u00fchendis ve yolda\u015flar\u0131n suikast\u0131 karde\u015f Irak\u2019\u0131n egemenli\u011fine kar\u015f\u0131 bir sald\u0131rganl\u0131k oldu\u011funu dile getirirken bu suikast\u0131n demokrasi, \u00f6zg\u00fcrl\u00fck ve devlet egemenli\u011fini iddia eden \u00fclkelere y\u00f6nelik bir soru oldu\u011funu kaydetti.<\/p>\n<p>Azzam; ter\u00f6r kar\u015f\u0131 m\u00fccadelesinde kahramanl\u0131k kaydeden bu \u015fehitlerin direni\u015fin gelecek nesilleri i\u00e7in yeni bir nefes ve ilham olacaklar\u0131n\u0131 s\u00f6yledi.<\/p>\n<p>\u00c7eviri: P.M.<\/p>\n<p><iframe loading=\"lazy\" src=\"https:\/\/www.youtube.com\/embed\/y6DB-zoUg54\" width=\"620\" height=\"348\" frameborder=\"0\" allowfullscreen=\"allowfullscreen\"><\/iframe><\/p>\n","protected":false},"excerpt":{"rendered":"<p>\u015eAM \u2013 Cumhurba\u015fkan\u0131 Be\u015f\u015far el Esad\u2019\u0131n teklifiyle, Cumhurba\u015fkanl\u0131\u011f\u0131 \u0130\u015flerinden Sorumlu Bakan\u0131 Mansur Azzam karde\u015f Irak\u2019\u0131n \u015eam\u2019daki B\u00fcy\u00fckel\u00e7ili\u011fine ziyaret edip Ha\u015fdi \u015eabi Genel Ba\u015fkan\u0131 Yard\u0131mc\u0131s\u0131 Ebu Mehdi el M\u00fchendis ve yolda\u015flar\u0131n \u015fehit d\u00fc\u015fmeleri ile ilgili Ba\u015fkan Esad\u2019\u0131n taziyelerini iletti. Bakan Azzam, Irak B\u00fcy\u00fckel\u00e7ili\u011finin taziye sicilinde Irak halk\u0131na ve \u015fehit ailelerine Cumhurba\u015fkan\u0131 el Esad\u2019tan aktard\u0131\u011f\u0131 taziyetlerini kaydetti. &hellip;<\/p>\n","protected":false},"author":1,"featured_media":199461,"comment_status":"closed","ping_status":"closed","sticky":false,"template":"","format":"standard","meta":{"footnotes":""},"categories":[479,17988,478],"tags":[],"class_list":["post-199454","post","type-post","status-publish","format-standard","has-post-thumbnail","","category-haberler-yerel","category-son-haberler","category-yerel"],"_links":{"self":[{"href":"https:\/\/archive.sana.sy\/tr\/index.php?rest_route=\/wp\/v2\/posts\/199454","targetHints":{"allow":["GET"]}}],"collection":[{"href":"https:\/\/archive.sana.sy\/tr\/index.php?rest_route=\/wp\/v2\/posts"}],"about":[{"href":"https:\/\/archive.sana.sy\/tr\/index.php?rest_route=\/wp\/v2\/types\/post"}],"author":[{"embeddable":true,"href":"https:\/\/archive.sana.sy\/tr\/index.php?rest_route=\/wp\/v2\/users\/1"}],"replies":[{"embeddable":true,"href":"https:\/\/archive.sana.sy\/tr\/index.php?rest_route=%2Fwp%2Fv2%2Fcomments&post=199454"}],"version-history":[{"count":0,"href":"https:\/\/archive.sana.sy\/tr\/index.php?rest_route=\/wp\/v2\/posts\/199454\/revisions"}],"wp:featuredmedia":[{"embeddable":true,"href":"https:\/\/archive.sana.sy\/tr\/index.php?rest_route=\/wp\/v2\/media\/199461"}],"wp:attachment":[{"href":"https:\/\/archive.sana.sy\/tr\/index.php?rest_route=%2Fwp%2Fv2%2Fmedia&parent=199454"}],"wp:term":[{"taxonomy":"category","embeddable":true,"href":"https:\/\/archive.sana.sy\/tr\/index.php?rest_route=%2Fwp%2Fv2%2Fcategories&post=199454"},{"taxonomy":"post_tag","embeddable":true,"href":"https:\/\/archive.sana.sy\/tr\/index.php?rest_route=%2Fwp%2Fv2%2Ftags&post=199454"}],"curies":[{"name":"wp","href":"https:\/\/api.w.org\/{rel}","templated":true}]}}