{"id":19955,"date":"2015-01-06T15:58:59","date_gmt":"2015-01-06T13:58:59","guid":{"rendered":"http:\/\/sana.sy\/tr\/?p=19955"},"modified":"2015-01-06T15:58:59","modified_gmt":"2015-01-06T13:58:59","slug":"yagis-ve-soguk-etkisini-surdurecek","status":"publish","type":"post","link":"https:\/\/archive.sana.sy\/tr\/?p=19955","title":{"rendered":"Ya\u011f\u0131\u015f ve So\u011fuk Etkisini S\u00fcrd\u00fcrecek"},"content":{"rendered":"<p>\u015eAM \u2013 Muhtelif b\u00f6lgeleriyle yurdun tamam\u0131 so\u011fuk ve ya\u011f\u0131\u015fl\u0131 havan\u0131n etkisinde kal\u0131yor.<br \/>\nDevlet Meteoroloji M\u00fcd\u00fcrl\u00fc\u011f\u00fcnde bir kaynak hava s\u0131cakl\u0131\u011f\u0131n\u0131n \u00f6n\u00fcm\u00fczdeki iki g\u00fcnde daha \u00e7ok d\u00fc\u015fece\u011fini belirtti.<\/p>\n<p>Yurdun genelinde yo\u011fun ya\u011f\u0131\u015flar\u0131n beklendi\u011fini belirten kaynak, vadi ve al\u00e7ak b\u00f6lgelerde sellerin olu\u015fabilece\u011fine dikkat \u00e7ekti.<\/p>\n<p>Kaynak denizden y\u00fcksekli\u011fi 800 metreyi a\u015fan b\u00f6lgelerde kar ya\u011f\u0131\u015f\u0131 olaca\u011f\u0131n\u0131 ifade ederken, gece saatlerinde 600 metre y\u00fcksekliklerin alt\u0131nda da kar ya\u011f\u0131\u015f\u0131 olabilece\u011fini s\u00f6yledi.<\/p>\n<p>Bu arada ya\u011f\u0131\u015f oranlar\u0131nda Lazkiye 167 mm ile birincili\u011fi al\u0131rken, ard\u0131ndan Halep 60, Hama da 55 mm ile yer ald\u0131.<\/p>\n<div id='gallery-1' class='gallery galleryid-19955 gallery-columns-3 gallery-size-thumbnail'><figure class='gallery-item'>\n\t\t\t<div class='gallery-icon landscape'>\n\t\t\t\t<a href='https:\/\/archive.sana.sy\/tr\/wp-content\/uploads\/2015\/01\/Ba\u015fkent-\u015eam\u0131n-Beyrut-Caddesinden-Bir-Kare.jpg'><img loading=\"lazy\" decoding=\"async\" width=\"150\" height=\"95\" src=\"https:\/\/archive.sana.sy\/tr\/wp-content\/uploads\/2015\/01\/Ba\u015fkent-\u015eam\u0131n-Beyrut-Caddesinden-Bir-Kare-150x95.jpg\" class=\"attachment-thumbnail size-thumbnail\" alt=\"\" srcset=\"https:\/\/archive.sana.sy\/tr\/wp-content\/uploads\/2015\/01\/Ba\u015fkent-\u015eam\u0131n-Beyrut-Caddesinden-Bir-Kare-150x95.jpg 150w, https:\/\/archive.sana.sy\/tr\/wp-content\/uploads\/2015\/01\/Ba\u015fkent-\u015eam\u0131n-Beyrut-Caddesinden-Bir-Kare-300x190.jpg 300w, https:\/\/archive.sana.sy\/tr\/wp-content\/uploads\/2015\/01\/Ba\u015fkent-\u015eam\u0131n-Beyrut-Caddesinden-Bir-Kare-1024x648.jpg 1024w\" sizes=\"auto, (max-width: 150px) 100vw, 150px\" \/><\/a>\n\t\t\t<\/div><\/figure><figure class='gallery-item'>\n\t\t\t<div class='gallery-icon landscape'>\n\t\t\t\t<a href='https:\/\/archive.sana.sy\/tr\/wp-content\/uploads\/2015\/01\/Lazkiye-2.jpg'><img loading=\"lazy\" decoding=\"async\" width=\"150\" height=\"100\" src=\"https:\/\/archive.sana.sy\/tr\/wp-content\/uploads\/2015\/01\/Lazkiye-2-150x100.jpg\" class=\"attachment-thumbnail size-thumbnail\" alt=\"\" srcset=\"https:\/\/archive.sana.sy\/tr\/wp-content\/uploads\/2015\/01\/Lazkiye-2-150x100.jpg 150w, https:\/\/archive.sana.sy\/tr\/wp-content\/uploads\/2015\/01\/Lazkiye-2-300x200.jpg 300w, https:\/\/archive.sana.sy\/tr\/wp-content\/uploads\/2015\/01\/Lazkiye-2.jpg 886w\" sizes=\"auto, (max-width: 150px) 100vw, 150px\" \/><\/a>\n\t\t\t<\/div><\/figure><figure class='gallery-item'>\n\t\t\t<div class='gallery-icon landscape'>\n\t\t\t\t<a href='https:\/\/archive.sana.sy\/tr\/wp-content\/uploads\/2015\/01\/Lazkiye-3.jpg'><img loading=\"lazy\" decoding=\"async\" width=\"150\" height=\"100\" src=\"https:\/\/archive.sana.sy\/tr\/wp-content\/uploads\/2015\/01\/Lazkiye-3-150x100.jpg\" class=\"attachment-thumbnail size-thumbnail\" alt=\"\" srcset=\"https:\/\/archive.sana.sy\/tr\/wp-content\/uploads\/2015\/01\/Lazkiye-3-150x100.jpg 150w, https:\/\/archive.sana.sy\/tr\/wp-content\/uploads\/2015\/01\/Lazkiye-3-300x200.jpg 300w, https:\/\/archive.sana.sy\/tr\/wp-content\/uploads\/2015\/01\/Lazkiye-3.jpg 886w\" sizes=\"auto, (max-width: 150px) 100vw, 150px\" \/><\/a>\n\t\t\t<\/div><\/figure>\n\t\t<\/div>\n\n","protected":false},"excerpt":{"rendered":"<p>\u015eAM \u2013 Muhtelif b\u00f6lgeleriyle yurdun tamam\u0131 so\u011fuk ve ya\u011f\u0131\u015fl\u0131 havan\u0131n etkisinde kal\u0131yor. Devlet Meteoroloji M\u00fcd\u00fcrl\u00fc\u011f\u00fcnde bir kaynak hava s\u0131cakl\u0131\u011f\u0131n\u0131n \u00f6n\u00fcm\u00fczdeki iki g\u00fcnde daha \u00e7ok d\u00fc\u015fece\u011fini belirtti. Yurdun genelinde yo\u011fun ya\u011f\u0131\u015flar\u0131n beklendi\u011fini belirten kaynak, vadi ve al\u00e7ak b\u00f6lgelerde sellerin olu\u015fabilece\u011fine dikkat \u00e7ekti. Kaynak denizden y\u00fcksekli\u011fi 800 metreyi a\u015fan b\u00f6lgelerde kar ya\u011f\u0131\u015f\u0131 olaca\u011f\u0131n\u0131 ifade ederken, gece saatlerinde &hellip;<\/p>\n","protected":false},"author":1,"featured_media":19957,"comment_status":"closed","ping_status":"closed","sticky":false,"template":"","format":"standard","meta":{"footnotes":""},"categories":[479,478],"tags":[9551,9550,9552,9549,9548],"class_list":["post-19955","post","type-post","status-publish","format-standard","has-post-thumbnail","","category-haberler-yerel","category-yerel","tag-ardindan-halep-60","tag-gece-saatlerinde-600-metre-yuksekliklerin-altinda-da-kar-yagisi-olabilecegini-soyledi-bu-arada-yagis-oranlarinda-lazkiye-167-mm-ile-birinciligi-alirken","tag-hama-da-55-mm-ile-yer-aldi","tag-vadi-ve-alcak-bolgelerde-sellerin-olusabilecegine-dikkat-cekti-kaynak-denizden-yuksekligi-800-metreyi-asan-bolgelerde-kar-yagisi-olacagini-ifade-ederken","tag-yagis-ve-soguk-etkisini-surdurecek-sam-muhtelif-bolgeleriyle-yurdun-tamami-soguk-ve-yagisli-havanin-etkisinde-kaliyor-devlet-meteoroloji-mudurlugunde-bir-kaynak-hava-sicakliginin-onumuzdeki"],"_links":{"self":[{"href":"https:\/\/archive.sana.sy\/tr\/index.php?rest_route=\/wp\/v2\/posts\/19955","targetHints":{"allow":["GET"]}}],"collection":[{"href":"https:\/\/archive.sana.sy\/tr\/index.php?rest_route=\/wp\/v2\/posts"}],"about":[{"href":"https:\/\/archive.sana.sy\/tr\/index.php?rest_route=\/wp\/v2\/types\/post"}],"author":[{"embeddable":true,"href":"https:\/\/archive.sana.sy\/tr\/index.php?rest_route=\/wp\/v2\/users\/1"}],"replies":[{"embeddable":true,"href":"https:\/\/archive.sana.sy\/tr\/index.php?rest_route=%2Fwp%2Fv2%2Fcomments&post=19955"}],"version-history":[{"count":0,"href":"https:\/\/archive.sana.sy\/tr\/index.php?rest_route=\/wp\/v2\/posts\/19955\/revisions"}],"wp:featuredmedia":[{"embeddable":true,"href":"https:\/\/archive.sana.sy\/tr\/index.php?rest_route=\/wp\/v2\/media\/19957"}],"wp:attachment":[{"href":"https:\/\/archive.sana.sy\/tr\/index.php?rest_route=%2Fwp%2Fv2%2Fmedia&parent=19955"}],"wp:term":[{"taxonomy":"category","embeddable":true,"href":"https:\/\/archive.sana.sy\/tr\/index.php?rest_route=%2Fwp%2Fv2%2Fcategories&post=19955"},{"taxonomy":"post_tag","embeddable":true,"href":"https:\/\/archive.sana.sy\/tr\/index.php?rest_route=%2Fwp%2Fv2%2Ftags&post=19955"}],"curies":[{"name":"wp","href":"https:\/\/api.w.org\/{rel}","templated":true}]}}