{"id":19962,"date":"2015-01-06T21:00:56","date_gmt":"2015-01-06T19:00:56","guid":{"rendered":"http:\/\/sana.sy\/tr\/?p=19962"},"modified":"2015-01-07T15:01:27","modified_gmt":"2015-01-07T13:01:27","slug":"terore-karsi-mucadelede-basarilar-gunden-gune-buyuyor","status":"publish","type":"post","link":"https:\/\/archive.sana.sy\/tr\/?p=19962","title":{"rendered":"Ter\u00f6re Kar\u015f\u0131 M\u00fccadelede Ba\u015far\u0131lar G\u00fcnden G\u00fcne B\u00fcy\u00fcyor"},"content":{"rendered":"<p>\u0130LLER \u2013 Kahraman ordu birliklerimiz; eli kanl\u0131 ter\u00f6ristleri kendi cehennemlerine hapsederek bu vatan topraklar\u0131nda karde\u015f\u00e7e bar\u0131\u015f ve huzur i\u00e7inde ya\u015famak isteyen vatanda\u015flar\u0131m\u0131z\u0131n ya\u015fam alanlar\u0131n\u0131 temizlemeye devam ediyorlar.<\/p>\n<p><span style=\"color: #0000ff\">Dera K\u0131rsal\u0131nda Ter\u00f6ristlerin Ara\u00e7lar\u0131 \u0130mha Edildi<\/span><\/p>\n<p>Askeri bir kaynak SANA\u2019ya a\u00e7\u0131klamas\u0131nda ordu birliklerimizin Dera k\u0131rsal\u0131 Dael B\u00f6lgesinde ter\u00f6ristlere ait ara\u00e7lar\u0131 imha edip \u00e7ok say\u0131da ter\u00f6risti \u00f6l\u00fc ve yaral\u0131 d\u00fc\u015f\u00fcrd\u00fcklerini ifade etti.<\/p>\n<p><span style=\"color: #0000ff\">\u0130dlib K\u0131rsal\u0131nda Ter\u00f6ristlerin Yuva ve K\u00fcmelenme Yerleri Etkisiz Hale Getirildi<\/span><\/p>\n<p>Ordu birliklerimiz \u0130dlib k\u0131rsal\u0131 K\u0131rfaya, Cebel el Akrad, Bekseriye, el Hute, Karei Gazel, Kefar \u015eelaya ve Arbain Da\u011f\u0131 \u00e7evresinde ter\u00f6ristlerin yuva ve k\u00fcmelenme yerlerini hedef almalar\u0131yla \u00e7ok say\u0131da ter\u00f6risti \u00f6l\u00fc ve yaral\u0131 d\u00fc\u015f\u00fcrd\u00fc.<\/p>\n<p><span style=\"color: #0000ff\">Deyrezzor\u2019da Ter\u00f6ristlerin Toplanma Yerleri Hedef Al\u0131nd\u0131<\/span><\/p>\n<p>Bu arada Ordu birliklerimiz A\u015firet gen\u00e7lerinin i\u015fbirli\u011fi ile Tim ve Tel Chayf b\u00f6lgelerinde askeri noktalara sald\u0131r\u0131 giri\u015fiminde bulunan ter\u00f6ristlere kar\u015f\u0131 koyarak onlar\u0131 a\u011f\u0131r kay\u0131plarla geri p\u00fcsk\u00fcrtt\u00fc.<\/p>\n<p>Mreyiye ve Huveycet Sakr b\u00f6lgelerinde ise ordu birliklerimiz ter\u00f6ristlerin toplanma yerlerini hedef almalar\u0131yla onlarca ter\u00f6rist \u00f6l\u00fc ve yaral\u0131 d\u00fc\u015f\u00fcr\u00fcld\u00fc.<\/p>\n<p><span style=\"color: #0000ff\">Homs ve K\u0131rsal\u0131nda Ter\u00f6ristlerin S\u0131zma Giri\u015fimleri \u00c7\u00f6kertildi<\/span><\/p>\n<p>Askeri kaynak; ordu birliklerimizin Homs\u2019un Vaer Semtinde 7. ada, Rekan yoku\u015fu ve Harab Soka\u011f\u0131 b\u00f6lgelerinde \u00e7ok say\u0131da ter\u00f6risti \u00f6l\u00fc ve yaral\u0131 d\u00fc\u015f\u00fcrd\u00fcklerini ifade etti.<\/p>\n<p>Ayn\u0131 zamanda Homs k\u0131rsal\u0131 Um Sahric, Do\u011fu Sellam ve \u011eacar b\u00f6lgelerine ilaveten Um \u015eer\u015fuh Beldesindeki Helaliye \u00c7iftli\u011fi ve Bedeviler Mahallesinde bir\u00e7ok arac\u0131 imha edip \u00e7ok say\u0131da ter\u00f6risti \u00f6l\u00fc ve yaral\u0131 d\u00fc\u015f\u00fcrd\u00fc.<\/p>\n<p>Bu arada ordu birliklerimiz Homs k\u0131rsal\u0131 Ayn H\u00fcseyin B\u00f6lgesinden Ayn Denanir B\u00f6lgesine ter\u00f6ristlerin s\u0131zma giri\u015fimlerini \u00e7\u00f6kertmesi sonucunda onlarca ter\u00f6risti \u00f6ld\u00fcrd\u00fc.<\/p>\n<p>&nbsp;<\/p>\n","protected":false},"excerpt":{"rendered":"<p>\u0130LLER \u2013 Kahraman ordu birliklerimiz; eli kanl\u0131 ter\u00f6ristleri kendi cehennemlerine hapsederek bu vatan topraklar\u0131nda karde\u015f\u00e7e bar\u0131\u015f ve huzur i\u00e7inde ya\u015famak isteyen vatanda\u015flar\u0131m\u0131z\u0131n ya\u015fam alanlar\u0131n\u0131 temizlemeye devam ediyorlar. Dera K\u0131rsal\u0131nda Ter\u00f6ristlerin Ara\u00e7lar\u0131 \u0130mha Edildi Askeri bir kaynak SANA\u2019ya a\u00e7\u0131klamas\u0131nda ordu birliklerimizin Dera k\u0131rsal\u0131 Dael B\u00f6lgesinde ter\u00f6ristlere ait ara\u00e7lar\u0131 imha edip \u00e7ok say\u0131da ter\u00f6risti \u00f6l\u00fc ve yaral\u0131 &hellip;<\/p>\n","protected":false},"author":1,"featured_media":19965,"comment_status":"closed","ping_status":"closed","sticky":false,"template":"","format":"standard","meta":{"footnotes":""},"categories":[575],"tags":[9555,9554,9560,9556,9557,9558,9559,9553],"class_list":["post-19962","post","type-post","status-publish","format-standard","has-post-thumbnail","","category-olaylar-ve-gercekler","tag-bekseriye","tag-cebel-el-akrad","tag-dogu-sellam-ve-gacar-bolgelerine-ilaveten-um-sersuh-beldesindeki-helaliye-ciftligi-ve-bedeviler-mahallesinde-bircok-araci-imha-edip-cok-sayida-teroristi-olu-ve-yarali-dusurdu-bu-arada-ordu-birlikleri","tag-el-hute","tag-karei-gazel","tag-kefar-selaya-ve-arbain-dagi-cevresinde-teroristlerin-yuva-ve-kumelenme-yerlerini-hedef-almalariyla-cok-sayida-teroristi-olu-ve-yarali-dusurdu-deyrezzorda-teroristlerin-toplanma-yerleri-hedef","tag-rekan-yokusu-ve-harab-sokagi-bolgelerinde-cok-sayida-teroristi-olu-ve-yarali-dusurduklerini-ifade-etti-ayni-zamanda-homs-kirsali-um-sahric","tag-terore-karsi-mucadelede-basarilar-gunden-gune-buyuyor-iller-kahraman-ordu-birliklerimiz-eli-kanli-teroristleri-kendi-cehennemlerine-hapsederek-bu-vatan-topraklarinda-kardesce-baris-ve-huzur"],"_links":{"self":[{"href":"https:\/\/archive.sana.sy\/tr\/index.php?rest_route=\/wp\/v2\/posts\/19962","targetHints":{"allow":["GET"]}}],"collection":[{"href":"https:\/\/archive.sana.sy\/tr\/index.php?rest_route=\/wp\/v2\/posts"}],"about":[{"href":"https:\/\/archive.sana.sy\/tr\/index.php?rest_route=\/wp\/v2\/types\/post"}],"author":[{"embeddable":true,"href":"https:\/\/archive.sana.sy\/tr\/index.php?rest_route=\/wp\/v2\/users\/1"}],"replies":[{"embeddable":true,"href":"https:\/\/archive.sana.sy\/tr\/index.php?rest_route=%2Fwp%2Fv2%2Fcomments&post=19962"}],"version-history":[{"count":0,"href":"https:\/\/archive.sana.sy\/tr\/index.php?rest_route=\/wp\/v2\/posts\/19962\/revisions"}],"wp:featuredmedia":[{"embeddable":true,"href":"https:\/\/archive.sana.sy\/tr\/index.php?rest_route=\/wp\/v2\/media\/19965"}],"wp:attachment":[{"href":"https:\/\/archive.sana.sy\/tr\/index.php?rest_route=%2Fwp%2Fv2%2Fmedia&parent=19962"}],"wp:term":[{"taxonomy":"category","embeddable":true,"href":"https:\/\/archive.sana.sy\/tr\/index.php?rest_route=%2Fwp%2Fv2%2Fcategories&post=19962"},{"taxonomy":"post_tag","embeddable":true,"href":"https:\/\/archive.sana.sy\/tr\/index.php?rest_route=%2Fwp%2Fv2%2Ftags&post=19962"}],"curies":[{"name":"wp","href":"https:\/\/api.w.org\/{rel}","templated":true}]}}