{"id":199706,"date":"2020-01-09T21:30:40","date_gmt":"2020-01-09T19:30:40","guid":{"rendered":"http:\/\/www.sana.sy\/tr\/?p=199706"},"modified":"2020-01-10T14:19:30","modified_gmt":"2020-01-10T12:19:30","slug":"bakanlar-kurulu-ekonomik-kalkinma-kararlari-aldi","status":"publish","type":"post","link":"https:\/\/archive.sana.sy\/tr\/?p=199706","title":{"rendered":"Bakanlar Kurulu, Ekonomik Kalk\u0131nma Kararlar\u0131 Ald\u0131"},"content":{"rendered":"<p>\u015eAM KIRSALI &#8211; Ba\u015fbakanl\u0131k kurulu, \u015eam K\u0131rsal\u0131 \u0130li binas\u0131nda d\u00fczenledi\u011fi toplant\u0131da bir tutum kararlar ald\u0131.<\/p>\n<p>Ba\u015fbakan M\u00fchendis Hamis ba\u015fkanl\u0131\u011f\u0131nda d\u00fczenlenen toplant\u0131, tar\u0131ma elveri\u015fli b\u00f6lgeleri ekmek i\u00e7in gereken malzemeleri sa\u011flamas\u0131na, tar\u0131m plan\u0131n\u0131 y\u00fcr\u00fctmek i\u00e7in 8 milyar lira tahsis edilmesine, ziraat yollar\u0131 a\u00e7t\u0131rmas\u0131na, sanayi b\u00f6lgeler i\u00e7in yenilenmi\u015f altyap\u0131lar\u0131 yap\u0131lmas\u0131na ve 1,8 milyar S.L de\u011ferinde 18 projeyi onaylanmas\u0131na karar verdi.<\/p>\n<p>\u0130\u015fini durduran Ziraat kurumlar\u0131n\u0131, yeniden i\u015fe ba\u015flama mihraklar\u0131n\u0131 ve \u00e7ift\u00e7ilerin tohum, g\u00fcbre, yem ve yak\u0131t gibi ihtiya\u00e7lar\u0131n\u0131 kar\u015f\u0131lamas\u0131n\u0131n incelenmesine vurguland\u0131.<\/p>\n<p>Ter\u00f6r y\u00fcz\u00fcnden zarar g\u00f6ren b\u00fct\u00fcn meyve a\u011fa\u00e7lar\u0131 arazilerini yeniden dikilmesine ve bu y\u0131l i\u00e7erisinde 600 bin fidan sa\u011flanmas\u0131na karar verildi.<\/p>\n<p>Sanayi ve Ticaret odalar\u0131, Sanayi bakanl\u0131\u011f\u0131ndan \u00f6zel sanayi kurumlar\u0131n\u0131 yeniden aktifle\u015fmesi ve sanayi b\u00f6lgelerine elektrik sa\u011flanmas\u0131 talep etti.<\/p>\n<p>Yerel Y\u00f6netim ve \u00c7evre Bakan\u0131 M\u00fchendis H\u00fcseyin Mahluf, k\u00fc\u00e7\u00fck ve orta projelere yo\u011funla\u015fma kat\u0131l\u0131mc\u0131 projeleri geni\u015fletme \u00f6nemine vurgulad\u0131.<\/p>\n<p>Kumeyt Yusuf<\/p>\n","protected":false},"excerpt":{"rendered":"<p>\u015eAM KIRSALI &#8211; Ba\u015fbakanl\u0131k kurulu, \u015eam K\u0131rsal\u0131 \u0130li binas\u0131nda d\u00fczenledi\u011fi toplant\u0131da bir tutum kararlar ald\u0131. Ba\u015fbakan M\u00fchendis Hamis ba\u015fkanl\u0131\u011f\u0131nda d\u00fczenlenen toplant\u0131, tar\u0131ma elveri\u015fli b\u00f6lgeleri ekmek i\u00e7in gereken malzemeleri sa\u011flamas\u0131na, tar\u0131m plan\u0131n\u0131 y\u00fcr\u00fctmek i\u00e7in 8 milyar lira tahsis edilmesine, ziraat yollar\u0131 a\u00e7t\u0131rmas\u0131na, sanayi b\u00f6lgeler i\u00e7in yenilenmi\u015f altyap\u0131lar\u0131 yap\u0131lmas\u0131na ve 1,8 milyar S.L de\u011ferinde 18 projeyi onaylanmas\u0131na &hellip;<\/p>\n","protected":false},"author":1,"featured_media":199707,"comment_status":"closed","ping_status":"closed","sticky":false,"template":"","format":"standard","meta":{"footnotes":""},"categories":[485,486,479,17988,478],"tags":[],"class_list":["post-199706","post","type-post","status-publish","format-standard","has-post-thumbnail","","category-is-ve-sermaye","category-haberler-is-ve-sermaye","category-haberler-yerel","category-son-haberler","category-yerel"],"_links":{"self":[{"href":"https:\/\/archive.sana.sy\/tr\/index.php?rest_route=\/wp\/v2\/posts\/199706","targetHints":{"allow":["GET"]}}],"collection":[{"href":"https:\/\/archive.sana.sy\/tr\/index.php?rest_route=\/wp\/v2\/posts"}],"about":[{"href":"https:\/\/archive.sana.sy\/tr\/index.php?rest_route=\/wp\/v2\/types\/post"}],"author":[{"embeddable":true,"href":"https:\/\/archive.sana.sy\/tr\/index.php?rest_route=\/wp\/v2\/users\/1"}],"replies":[{"embeddable":true,"href":"https:\/\/archive.sana.sy\/tr\/index.php?rest_route=%2Fwp%2Fv2%2Fcomments&post=199706"}],"version-history":[{"count":0,"href":"https:\/\/archive.sana.sy\/tr\/index.php?rest_route=\/wp\/v2\/posts\/199706\/revisions"}],"wp:featuredmedia":[{"embeddable":true,"href":"https:\/\/archive.sana.sy\/tr\/index.php?rest_route=\/wp\/v2\/media\/199707"}],"wp:attachment":[{"href":"https:\/\/archive.sana.sy\/tr\/index.php?rest_route=%2Fwp%2Fv2%2Fmedia&parent=199706"}],"wp:term":[{"taxonomy":"category","embeddable":true,"href":"https:\/\/archive.sana.sy\/tr\/index.php?rest_route=%2Fwp%2Fv2%2Fcategories&post=199706"},{"taxonomy":"post_tag","embeddable":true,"href":"https:\/\/archive.sana.sy\/tr\/index.php?rest_route=%2Fwp%2Fv2%2Ftags&post=199706"}],"curies":[{"name":"wp","href":"https:\/\/api.w.org\/{rel}","templated":true}]}}