{"id":199720,"date":"2020-01-09T23:28:27","date_gmt":"2020-01-09T21:28:27","guid":{"rendered":"http:\/\/www.sana.sy\/tr\/?p=199720"},"modified":"2020-01-10T15:55:17","modified_gmt":"2020-01-10T13:55:17","slug":"suriyenin-zaferleri-terorun-dunyaya-tehdidini-gerileyecek","status":"publish","type":"post","link":"https:\/\/archive.sana.sy\/tr\/?p=199720","title":{"rendered":"Suriye&#8217;nin Zaferleri, Ter\u00f6r\u00fcn D\u00fcnyaya Tehdidini Azaltacak"},"content":{"rendered":"<p>NEWYORK &#8211; BM Suriye\u2019nin Daimi Temsilcisi Be\u015f\u015far Caferi;\u2018kimi devletler, askeri ve ekonomik etkisinin ba\u015fka \u00fcye devletlerin kaderlerini belirleme hakk\u0131n\u0131 verdi\u011finin inan\u0131yor, bunun BM\u2019nin kaderini Milletler Cemiyetinin kaderi gibi olaca\u011f\u0131n\u0131 tehdit etmektedir\u2019 diye konu\u015ftu.<\/p>\n<p>Birle\u015fmi\u015f Milletler G\u00fcvenlik Konseyi (BMGK)\u2019nin bug\u00fcnk\u00fc d\u00fczenlenen \/Uluslararas\u0131 Bar\u0131\u015f ve G\u00fcvenin Korumas\u0131 amac\u0131yla BM Misak\u0131na Tutunmak\/ ba\u015fl\u0131kl\u0131 oturumunda Be\u015f\u015far Caferi, Uluslararas\u0131 Ter\u00f6r\u00fcn artmas\u0131 tehlikeleri, devletlere ekonomik ambargo dayatmas\u0131 ve ulusararas\u0131 me\u015fruiyet \u00e7er\u00e7evesi d\u0131\u015f\u0131nda uygulamalar\u0131n yay\u0131lmas\u0131 ile ciddi \u015fekilde team\u00fcl edilmesinin gerekti\u011fini vurgulad\u0131.<\/p>\n<p>Caferi, Suriye\u2019nin m\u00fcttefikleriyle i\u015fbirlik yaparak ter\u00f6re kar\u015f\u0131 zaferler kazand\u0131\u011f\u0131na i\u015faret etti. Bu zaferlerin etkisi\u2019nin ter\u00f6r\u00fcn uluslararas\u0131 bazda tehdidinin gerilemesine yans\u0131yaca\u011f\u0131n\u0131 belirtti.<\/p>\n<p>Caferi,\u2019niye BMGK ter\u00f6rle m\u00fccadele konusundaki kararlar\u0131n\u0131 y\u00fcr\u00fctmekte oyalan\u0131yor. Ve Suriye\u2019de Nusra Cephesine desteklemesini s\u00fcrd\u00fcren devletlerine hesap vermekten ka\u00e7\u0131n\u0131yor?\u2019diye sorgulad\u0131.<\/p>\n<p>Caferi, BMGK\u2019nin Amerikal\u0131, T\u00fcrk, Frans\u0131z ve \u0130ngliz g\u00fc\u00e7lerin Suriye\u2019de sald\u0131rganl\u0131k ve askeri i\u015fgal davran\u0131\u015flar\u0131ndan suskunlu\u011fundan yad\u0131rgamam\u0131z\u0131 a\u00e7\u0131klad\u0131.<\/p>\n<p>G\u00fcvenlik Konseyi\u2019nin T\u00fcrk \u0130\u015fgal g\u00fc\u00e7lerinin de Suriye\u2019nin Kuzeyini i\u015fgal etmesi ve y\u00fczbinlerce suriyeliyi yurdundan etmesinidan, Libya\u2019ya da sald\u0131rmas\u0131 ve oraya \u0130dlip\u2019ten ter\u00f6rstler aktarmas\u0131ndan suskunlu\u011fundan garipsedi\u011fimizi s\u00f6yledi.<\/p>\n<p>Caferi, kimi devletlerin uluslararas\u0131 bar\u0131\u015f ve g\u00fcveni tehdit eden politikalar ve davaran\u0131\u015flar edinmesi neticesinde d\u00fcnyan\u0131n bir kutupla\u015fma durumunu ya\u015famakta oldu\u011funu ifade etti.<\/p>\n<p>Kumeyt Yusuf<\/p>\n","protected":false},"excerpt":{"rendered":"<p>NEWYORK &#8211; BM Suriye\u2019nin Daimi Temsilcisi Be\u015f\u015far Caferi;\u2018kimi devletler, askeri ve ekonomik etkisinin ba\u015fka \u00fcye devletlerin kaderlerini belirleme hakk\u0131n\u0131 verdi\u011finin inan\u0131yor, bunun BM\u2019nin kaderini Milletler Cemiyetinin kaderi gibi olaca\u011f\u0131n\u0131 tehdit etmektedir\u2019 diye konu\u015ftu. Birle\u015fmi\u015f Milletler G\u00fcvenlik Konseyi (BMGK)\u2019nin bug\u00fcnk\u00fc d\u00fczenlenen \/Uluslararas\u0131 Bar\u0131\u015f ve G\u00fcvenin Korumas\u0131 amac\u0131yla BM Misak\u0131na Tutunmak\/ ba\u015fl\u0131kl\u0131 oturumunda Be\u015f\u015far Caferi, Uluslararas\u0131 Ter\u00f6r\u00fcn &hellip;<\/p>\n","protected":false},"author":1,"featured_media":199721,"comment_status":"closed","ping_status":"closed","sticky":false,"template":"","format":"standard","meta":{"footnotes":""},"categories":[458,459,17988],"tags":[],"class_list":["post-199720","post","type-post","status-publish","format-standard","has-post-thumbnail","","category-dunya1","category-haberler-arap-uluslararasi-politika","category-son-haberler"],"_links":{"self":[{"href":"https:\/\/archive.sana.sy\/tr\/index.php?rest_route=\/wp\/v2\/posts\/199720","targetHints":{"allow":["GET"]}}],"collection":[{"href":"https:\/\/archive.sana.sy\/tr\/index.php?rest_route=\/wp\/v2\/posts"}],"about":[{"href":"https:\/\/archive.sana.sy\/tr\/index.php?rest_route=\/wp\/v2\/types\/post"}],"author":[{"embeddable":true,"href":"https:\/\/archive.sana.sy\/tr\/index.php?rest_route=\/wp\/v2\/users\/1"}],"replies":[{"embeddable":true,"href":"https:\/\/archive.sana.sy\/tr\/index.php?rest_route=%2Fwp%2Fv2%2Fcomments&post=199720"}],"version-history":[{"count":0,"href":"https:\/\/archive.sana.sy\/tr\/index.php?rest_route=\/wp\/v2\/posts\/199720\/revisions"}],"wp:featuredmedia":[{"embeddable":true,"href":"https:\/\/archive.sana.sy\/tr\/index.php?rest_route=\/wp\/v2\/media\/199721"}],"wp:attachment":[{"href":"https:\/\/archive.sana.sy\/tr\/index.php?rest_route=%2Fwp%2Fv2%2Fmedia&parent=199720"}],"wp:term":[{"taxonomy":"category","embeddable":true,"href":"https:\/\/archive.sana.sy\/tr\/index.php?rest_route=%2Fwp%2Fv2%2Fcategories&post=199720"},{"taxonomy":"post_tag","embeddable":true,"href":"https:\/\/archive.sana.sy\/tr\/index.php?rest_route=%2Fwp%2Fv2%2Ftags&post=199720"}],"curies":[{"name":"wp","href":"https:\/\/api.w.org\/{rel}","templated":true}]}}