{"id":200175,"date":"2020-01-18T09:38:26","date_gmt":"2020-01-18T07:38:26","guid":{"rendered":"http:\/\/www.sana.sy\/tr\/?p=200175"},"modified":"2020-02-05T14:29:36","modified_gmt":"2020-02-05T12:29:36","slug":"idlibte-saldiri-cokertildi","status":"publish","type":"post","link":"https:\/\/archive.sana.sy\/tr\/?p=200175","title":{"rendered":"\u0130dlib\u2019te Sald\u0131r\u0131 \u00c7\u00f6kertildi"},"content":{"rendered":"<p>\u0130DL\u0130B \u2013 \u0130dlib \u0130linin g\u00fcneydo\u011fusunda belli ba\u015fl\u0131 d\u0131\u015f g\u00fc\u00e7lere hizmet olarak faaliyet g\u00f6steren Nusra Cephesi ve \u00e7at\u0131s\u0131 alt\u0131ndaki di\u011fer ter\u00f6r \u00f6rg\u00fctlere kar\u015f\u0131 vatan ve vatanda\u015flar\u0131 y\u00fcksek bir duyarl\u0131l\u0131k ve ulusal sorumlulukla savunan ordu birliklerimiz bu ter\u00f6ristlerin b\u00fcy\u00fck bir sald\u0131r\u0131s\u0131n\u0131 ba\u015far\u0131yla \u00e7\u00f6kertti.<\/p>\n<p>SANA muhabiri ordu birliklerimizin Ebu Creyf ekseninde kiral\u0131k ter\u00f6ristlerin g\u00fcvenli b\u00f6lgelere kar\u015f\u0131 h\u0131r\u00e7\u0131n bir sald\u0131r\u0131s\u0131na kar\u015f\u0131 koyduklar\u0131n\u0131 belirtti. Muhabir \u015fiddetli \u00e7at\u0131\u015fmalarda ter\u00f6ristlerin ara\u00e7, ekipman ve say\u0131lar\u0131yla b\u00fcy\u00fck kay\u0131plara ifade ederken, bir\u00e7ok arac\u0131n imha edilmesi ve \u00e7o\u011funun \u00f6ld\u00fcr\u00fclmeleri ard\u0131ndan sald\u0131r\u0131n\u0131n ba\u015far\u0131yla \u00e7\u00f6kertildi\u011fini s\u00f6yledi.<\/p>\n<p>Ordu birliklerimiz iki g\u00fcn \u00f6nce \u0130ldib \u0130linin g\u00fcneydo\u011fusunda Tel Hatra, Ebu Creyf ve Hurbat Davut belde ve k\u00f6ylerini kiral\u0131k ter\u00f6ristlerden kurtar\u0131p vatanda\u015flar\u0131n can ve mal g\u00fcvenli\u011fini sa\u011flam\u0131\u015flard\u0131.<\/p>\n","protected":false},"excerpt":{"rendered":"<p>\u0130DL\u0130B \u2013 \u0130dlib \u0130linin g\u00fcneydo\u011fusunda belli ba\u015fl\u0131 d\u0131\u015f g\u00fc\u00e7lere hizmet olarak faaliyet g\u00f6steren Nusra Cephesi ve \u00e7at\u0131s\u0131 alt\u0131ndaki di\u011fer ter\u00f6r \u00f6rg\u00fctlere kar\u015f\u0131 vatan ve vatanda\u015flar\u0131 y\u00fcksek bir duyarl\u0131l\u0131k ve ulusal sorumlulukla savunan ordu birliklerimiz bu ter\u00f6ristlerin b\u00fcy\u00fck bir sald\u0131r\u0131s\u0131n\u0131 ba\u015far\u0131yla \u00e7\u00f6kertti. SANA muhabiri ordu birliklerimizin Ebu Creyf ekseninde kiral\u0131k ter\u00f6ristlerin g\u00fcvenli b\u00f6lgelere kar\u015f\u0131 h\u0131r\u00e7\u0131n bir &hellip;<\/p>\n","protected":false},"author":1,"featured_media":200176,"comment_status":"closed","ping_status":"closed","sticky":false,"template":"","format":"standard","meta":{"footnotes":""},"categories":[479,575,17988,478],"tags":[],"class_list":["post-200175","post","type-post","status-publish","format-standard","has-post-thumbnail","","category-haberler-yerel","category-olaylar-ve-gercekler","category-son-haberler","category-yerel"],"_links":{"self":[{"href":"https:\/\/archive.sana.sy\/tr\/index.php?rest_route=\/wp\/v2\/posts\/200175","targetHints":{"allow":["GET"]}}],"collection":[{"href":"https:\/\/archive.sana.sy\/tr\/index.php?rest_route=\/wp\/v2\/posts"}],"about":[{"href":"https:\/\/archive.sana.sy\/tr\/index.php?rest_route=\/wp\/v2\/types\/post"}],"author":[{"embeddable":true,"href":"https:\/\/archive.sana.sy\/tr\/index.php?rest_route=\/wp\/v2\/users\/1"}],"replies":[{"embeddable":true,"href":"https:\/\/archive.sana.sy\/tr\/index.php?rest_route=%2Fwp%2Fv2%2Fcomments&post=200175"}],"version-history":[{"count":0,"href":"https:\/\/archive.sana.sy\/tr\/index.php?rest_route=\/wp\/v2\/posts\/200175\/revisions"}],"wp:featuredmedia":[{"embeddable":true,"href":"https:\/\/archive.sana.sy\/tr\/index.php?rest_route=\/wp\/v2\/media\/200176"}],"wp:attachment":[{"href":"https:\/\/archive.sana.sy\/tr\/index.php?rest_route=%2Fwp%2Fv2%2Fmedia&parent=200175"}],"wp:term":[{"taxonomy":"category","embeddable":true,"href":"https:\/\/archive.sana.sy\/tr\/index.php?rest_route=%2Fwp%2Fv2%2Fcategories&post=200175"},{"taxonomy":"post_tag","embeddable":true,"href":"https:\/\/archive.sana.sy\/tr\/index.php?rest_route=%2Fwp%2Fv2%2Ftags&post=200175"}],"curies":[{"name":"wp","href":"https:\/\/api.w.org\/{rel}","templated":true}]}}