{"id":200178,"date":"2020-01-18T12:14:18","date_gmt":"2020-01-18T10:14:18","guid":{"rendered":"http:\/\/www.sana.sy\/tr\/?p=200178"},"modified":"2020-01-20T11:58:04","modified_gmt":"2020-01-20T09:58:04","slug":"ammanda-dusman-israil-ile-dogalgaz-anlasmasini-kinayan-gosteriler","status":"publish","type":"post","link":"https:\/\/archive.sana.sy\/tr\/?p=200178","title":{"rendered":"Amman\u2019da D\u00fc\u015fman \u0130srail \u0130le Do\u011falgaz Anla\u015fmas\u0131n\u0131 K\u0131nayan G\u00f6steriler"},"content":{"rendered":"<p>AMMAN &#8211; \u00dcrd\u00fcn Ba\u015fkenti, \u00dcrd\u00fcn ile \u0130srail olu\u015fumu aras\u0131da imzalanan do\u011falgaz anla\u015fmas\u0131n\u0131 k\u0131nayan g\u00f6sterilere \u015fahit oldu.<\/p>\n<p>\u00dcrd\u00fcnl\u00fc Ammun Haber Ajans\u0131, \u00dcrd\u00fcn halk\u0131n\u0131n d\u00fc\u015fman \u0130srail\u2019le b\u00fct\u00fcn normalle\u015fme \u015fekillerini reddetti\u011fini ifade <img loading=\"lazy\" decoding=\"async\" class=\"size-full wp-image-200180 alignright\" src=\"http:\/\/www.sana.sy\/tr\/wp-content\/uploads\/2020\/01\/012-1-300x199-1.jpg\" alt=\"\" width=\"300\" height=\"199\" srcset=\"https:\/\/archive.sana.sy\/tr\/wp-content\/uploads\/2020\/01\/012-1-300x199-1.jpg 300w, https:\/\/archive.sana.sy\/tr\/wp-content\/uploads\/2020\/01\/012-1-300x199-1-150x100.jpg 150w\" sizes=\"auto, (max-width: 300px) 100vw, 300px\" \/>eden sloganlar att\u0131klar\u0131n\u0131 aktard\u0131. Filistin ve \u00dcrd\u00fcn halk\u0131n\u0131n ba\u011fr\u0131nda kur\u015fun say\u0131lan do\u011falgaz anla\u015fmas\u0131n\u0131 reddeden sloganlardan baz\u0131lar\u0131 \u015fu: (D\u00fc\u015fman\u0131n gaz\u0131 ihanet, normalle\u015fme ihanet).<\/p>\n<p>G\u00f6stericiler, \u00fczerinde (kendimizi i\u015fgalc\u0131lara rehine etmeyece\u011fiz, cinayette ortak olmayaca\u011f\u0131, D\u00fc\u015fman\u0131n gaz\u0131 i\u015fgald\u0131r ve utan\u00e7 anla\u015fmas\u0131.. i\u015fgald\u0131r) gibi ibareler yaz\u0131lm\u0131\u015f pankartlar \u00e7ekmi\u015fler.<\/p>\n<p>Kumeyt Yusuf<\/p>\n","protected":false},"excerpt":{"rendered":"<p>AMMAN &#8211; \u00dcrd\u00fcn Ba\u015fkenti, \u00dcrd\u00fcn ile \u0130srail olu\u015fumu aras\u0131da imzalanan do\u011falgaz anla\u015fmas\u0131n\u0131 k\u0131nayan g\u00f6sterilere \u015fahit oldu. \u00dcrd\u00fcnl\u00fc Ammun Haber Ajans\u0131, \u00dcrd\u00fcn halk\u0131n\u0131n d\u00fc\u015fman \u0130srail\u2019le b\u00fct\u00fcn normalle\u015fme \u015fekillerini reddetti\u011fini ifade eden sloganlar att\u0131klar\u0131n\u0131 aktard\u0131. Filistin ve \u00dcrd\u00fcn halk\u0131n\u0131n ba\u011fr\u0131nda kur\u015fun say\u0131lan do\u011falgaz anla\u015fmas\u0131n\u0131 reddeden sloganlardan baz\u0131lar\u0131 \u015fu: (D\u00fc\u015fman\u0131n gaz\u0131 ihanet, normalle\u015fme ihanet). G\u00f6stericiler, \u00fczerinde (kendimizi i\u015fgalc\u0131lara &hellip;<\/p>\n","protected":false},"author":1,"featured_media":200179,"comment_status":"closed","ping_status":"closed","sticky":false,"template":"","format":"standard","meta":{"footnotes":""},"categories":[458,459,17988],"tags":[],"class_list":["post-200178","post","type-post","status-publish","format-standard","has-post-thumbnail","","category-dunya1","category-haberler-arap-uluslararasi-politika","category-son-haberler"],"_links":{"self":[{"href":"https:\/\/archive.sana.sy\/tr\/index.php?rest_route=\/wp\/v2\/posts\/200178","targetHints":{"allow":["GET"]}}],"collection":[{"href":"https:\/\/archive.sana.sy\/tr\/index.php?rest_route=\/wp\/v2\/posts"}],"about":[{"href":"https:\/\/archive.sana.sy\/tr\/index.php?rest_route=\/wp\/v2\/types\/post"}],"author":[{"embeddable":true,"href":"https:\/\/archive.sana.sy\/tr\/index.php?rest_route=\/wp\/v2\/users\/1"}],"replies":[{"embeddable":true,"href":"https:\/\/archive.sana.sy\/tr\/index.php?rest_route=%2Fwp%2Fv2%2Fcomments&post=200178"}],"version-history":[{"count":0,"href":"https:\/\/archive.sana.sy\/tr\/index.php?rest_route=\/wp\/v2\/posts\/200178\/revisions"}],"wp:featuredmedia":[{"embeddable":true,"href":"https:\/\/archive.sana.sy\/tr\/index.php?rest_route=\/wp\/v2\/media\/200179"}],"wp:attachment":[{"href":"https:\/\/archive.sana.sy\/tr\/index.php?rest_route=%2Fwp%2Fv2%2Fmedia&parent=200178"}],"wp:term":[{"taxonomy":"category","embeddable":true,"href":"https:\/\/archive.sana.sy\/tr\/index.php?rest_route=%2Fwp%2Fv2%2Fcategories&post=200178"},{"taxonomy":"post_tag","embeddable":true,"href":"https:\/\/archive.sana.sy\/tr\/index.php?rest_route=%2Fwp%2Fv2%2Ftags&post=200178"}],"curies":[{"name":"wp","href":"https:\/\/api.w.org\/{rel}","templated":true}]}}