{"id":200185,"date":"2020-01-18T19:30:52","date_gmt":"2020-01-18T17:30:52","guid":{"rendered":"http:\/\/www.sana.sy\/tr\/?p=200185"},"modified":"2020-01-20T11:58:10","modified_gmt":"2020-01-20T09:58:10","slug":"mikdat-amerikan-ve-siyonist-saldiriya-karsi-filistin-saf-birligini-pekistirmek","status":"publish","type":"post","link":"https:\/\/archive.sana.sy\/tr\/?p=200185","title":{"rendered":"Mikdat: Amerikan ve Siyonist Sald\u0131r\u0131ya Kar\u015f\u0131 Filistin Saf Birli\u011fini Peki\u015ftirmek"},"content":{"rendered":"<p style=\"text-align: justify;\">\u015eAM \u2013 D\u0131\u015fi\u015fleri ve Gurbet\u00e7iler Bakan\u0131 Faysal Mikdat, Filistin davas\u0131n\u0131n Suriye\u2019nin temel davas\u0131 olarak kalaca\u011f\u0131n\u0131 belirterek, Amerikan ve Siyonist sald\u0131r\u0131lara kar\u015f\u0131 koymak i\u00e7in Filistin saf birli\u011finin zorunlu\u011funa i\u015faret etti.<\/p>\n<p style=\"text-align: justify;\">Azzam el Ahmed ba\u015fkanl\u0131\u011f\u0131nda Filistin Kurtulu\u015f \u00d6rg\u00fct\u00fc Y\u00fcr\u00fctme Kurulundan heyetle bug\u00fcn bir araya geli\u015finde Mikdat, Filistin davas\u0131n\u0131n \u00e7ok say\u0131da bat\u0131l\u0131 bask\u0131lara ve bu davadan vazge\u00e7irmek i\u00e7in ba\u015flat\u0131lan zalim ter\u00f6r sava\u015f\u0131na ra\u011fmen Suriye\u2019nin temel davas\u0131 olarak kalaca\u011f\u0131n\u0131 vurgulad\u0131.<\/p>\n<p style=\"text-align: justify;\">Suriyeli kahraman esir S\u0131dk\u0131 el Makt\u2019\u0131n i\u015fgalci \u0130srail hapishanelerinden kay\u0131ts\u0131z \u015farts\u0131z \u00f6zg\u00fcrl\u00fc\u011f\u00fcne kavu\u015fmas\u0131na y\u00f6nelik saadetini dile getiren Filistin halk\u0131n\u0131n\u00a0 m\u00fccadeleci tutumlar\u0131n\u0131 dile getiren Mikdat, Filistinli t\u00fcm tutuklu ve mahkumlar\u0131n serbest b\u0131rak\u0131lmalar\u0131n\u0131 temenni etti\u011fini ifade etti.<\/p>\n<p style=\"text-align: justify;\">Mikdat ayr\u0131ca, \u0130srail\u2019in son olarak Mescid-i Aksa\u2019n\u0131n Bab el Rahma kap\u0131s\u0131na y\u00f6nelik sald\u0131r\u0131lar\u0131n\u0131 k\u0131nayarak, Filistin davas\u0131na y\u00f6nelik Amerikan ve Siyonist sald\u0131r\u0131ya kar\u015f\u0131 koymada Filistin safa birli\u011finin peki\u015ftirilmesi zorunlulu\u011funu vurgulad\u0131.<\/p>\n<p style=\"text-align: justify;\">Kendi y\u00f6n\u00fcnden el Ahmed toplant\u0131da, i\u015fgalci \u0130srail\u2019in katma, yerle\u015fim ve Filistinlilerin evlerini y\u0131kma politikas\u0131n\u0131 s\u00fcrd\u00fcrmekle Filistin halk\u0131na y\u00f6nelik izledi\u011fi d\u00fc\u015fmanca uygulamalar\u0131 dile getirdi.<\/p>\n<p style=\"text-align: justify;\">El Ahmed, Filistin halk\u0131n\u0131n, ba\u015fta Filistin davas\u0131 olmak \u00fczere Arap \u00fcmmetinin davalar\u0131n\u0131 desteklemesi sebebiyle halk, ordu ve\u00a0 y\u00f6netim olarak Suriye\u2019nin yan\u0131nda durduklar\u0131n\u0131 belirterek, hi\u00e7 \u015f\u00fcphesiz Filistin davas\u0131n\u0131n da \u00e7\u0131kar\u0131na akmas\u0131 sebebiyle Suriye\u2019nin ter\u00f6rden en k\u0131sa zamanda afiyetine kavu\u015fmas\u0131n\u0131 temenni etti.<\/p>\n<p style=\"text-align: justify;\">Toplant\u0131dan sonra gazetecilere verdi\u011fi deme\u00e7te Mikdat, i\u015fgalci \u0130srail otoritelerinin Kud\u00fcs ve i\u015fgal edilen Filistin topraklar\u0131n\u0131 yahudile\u015ftirmeye y\u00f6nelik t\u00fcm giri\u015fimlerinin, Filistin halk\u0131 ve d\u00fcnya halklar\u0131n\u0131n \u00e7o\u011funun reddetmesi sebebiyle ba\u015far\u0131s\u0131zl\u0131\u011fa u\u011frayaca\u011f\u0131na i\u015faret ederek, Filistin halk\u0131n\u0131n m\u00fccadelesiyle uluslararas\u0131 bask\u0131lar\u0131n i\u015fgal hapishanelerinde bulunan binlerce Filistinli esirin serbest b\u0131rak\u0131lmas\u0131, Filistin halk\u0131n\u0131n mukadderat\u0131na uygulanan ter\u00f6rden kurtulmas\u0131 ve baz\u0131 \u00fclkeler taraf\u0131ndan Filistin halk\u0131n\u0131n haklar\u0131na y\u00f6nelik d\u00fczenlenen komplolar\u0131n bitmesine yol a\u00e7aca\u011f\u0131na i\u015faret etti.<\/p>\n<p style=\"text-align: justify;\">Kendi y\u00f6n\u00fcnden el Ahmed, Suriye\u2019ye y\u00f6nelik ter\u00f6r sava\u015f\u0131n\u0131n, genel olarak b\u00f6lgedeki varl\u0131\u011f\u0131ndan bu yana \u00f6zel olarak da Filistin halk\u0131 ve davas\u0131na y\u00f6nelik Siyonist tehlikeye kar\u015f\u0131 oynad\u0131\u011f\u0131 tarihi rol\u00fcn\u00fc hedef almaya \u00e7al\u0131\u015ft\u0131\u011f\u0131na dikkat \u00e7ekti.<\/p>\n","protected":false},"excerpt":{"rendered":"<p>\u015eAM \u2013 D\u0131\u015fi\u015fleri ve Gurbet\u00e7iler Bakan\u0131 Faysal Mikdat, Filistin davas\u0131n\u0131n Suriye\u2019nin temel davas\u0131 olarak kalaca\u011f\u0131n\u0131 belirterek, Amerikan ve Siyonist sald\u0131r\u0131lara kar\u015f\u0131 koymak i\u00e7in Filistin saf birli\u011finin zorunlu\u011funa i\u015faret etti. Azzam el Ahmed ba\u015fkanl\u0131\u011f\u0131nda Filistin Kurtulu\u015f \u00d6rg\u00fct\u00fc Y\u00fcr\u00fctme Kurulundan heyetle bug\u00fcn bir araya geli\u015finde Mikdat, Filistin davas\u0131n\u0131n \u00e7ok say\u0131da bat\u0131l\u0131 bask\u0131lara ve bu davadan vazge\u00e7irmek i\u00e7in &hellip;<\/p>\n","protected":false},"author":1,"featured_media":200186,"comment_status":"closed","ping_status":"closed","sticky":false,"template":"","format":"standard","meta":{"footnotes":""},"categories":[479,17988,478],"tags":[],"class_list":["post-200185","post","type-post","status-publish","format-standard","has-post-thumbnail","","category-haberler-yerel","category-son-haberler","category-yerel"],"_links":{"self":[{"href":"https:\/\/archive.sana.sy\/tr\/index.php?rest_route=\/wp\/v2\/posts\/200185","targetHints":{"allow":["GET"]}}],"collection":[{"href":"https:\/\/archive.sana.sy\/tr\/index.php?rest_route=\/wp\/v2\/posts"}],"about":[{"href":"https:\/\/archive.sana.sy\/tr\/index.php?rest_route=\/wp\/v2\/types\/post"}],"author":[{"embeddable":true,"href":"https:\/\/archive.sana.sy\/tr\/index.php?rest_route=\/wp\/v2\/users\/1"}],"replies":[{"embeddable":true,"href":"https:\/\/archive.sana.sy\/tr\/index.php?rest_route=%2Fwp%2Fv2%2Fcomments&post=200185"}],"version-history":[{"count":0,"href":"https:\/\/archive.sana.sy\/tr\/index.php?rest_route=\/wp\/v2\/posts\/200185\/revisions"}],"wp:featuredmedia":[{"embeddable":true,"href":"https:\/\/archive.sana.sy\/tr\/index.php?rest_route=\/wp\/v2\/media\/200186"}],"wp:attachment":[{"href":"https:\/\/archive.sana.sy\/tr\/index.php?rest_route=%2Fwp%2Fv2%2Fmedia&parent=200185"}],"wp:term":[{"taxonomy":"category","embeddable":true,"href":"https:\/\/archive.sana.sy\/tr\/index.php?rest_route=%2Fwp%2Fv2%2Fcategories&post=200185"},{"taxonomy":"post_tag","embeddable":true,"href":"https:\/\/archive.sana.sy\/tr\/index.php?rest_route=%2Fwp%2Fv2%2Ftags&post=200185"}],"curies":[{"name":"wp","href":"https:\/\/api.w.org\/{rel}","templated":true}]}}