{"id":200189,"date":"2020-01-18T21:39:44","date_gmt":"2020-01-18T19:39:44","guid":{"rendered":"http:\/\/www.sana.sy\/tr\/?p=200189"},"modified":"2020-01-20T11:16:41","modified_gmt":"2020-01-20T09:16:41","slug":"cumhurbaskani-esad-ulusal-banknotlarla-ilgili-kararname-cikardi","status":"publish","type":"post","link":"https:\/\/archive.sana.sy\/tr\/?p=200189","title":{"rendered":"Cumhurba\u015fkan\u0131 Esad Ulusal Banknotlarla \u0130lgili Kararname \u00c7\u0131kard\u0131"},"content":{"rendered":"<p style=\"text-align: justify;\">\u015eAM \u2013 Cumhurba\u015fkan\u0131 Be\u015f\u015far Esad, 1949 tarihli 148 Say\u0131l\u0131 Kanun H\u00fckm\u00fcnde Kararname ve de\u011fi\u015fikliklerinde y\u00fcr\u00fcrl\u00fc\u011fe konan Ceza Kanunun 309. maddesini de\u011fi\u015ftirmek \u00fczere 2020 y\u0131l\u0131 4 say\u0131l\u0131 Kanun H\u00fckm\u00fcnde Kararname&#8217;yi yay\u0131mlad\u0131.<\/p>\n<p style=\"text-align: justify;\">Yeni kararnameye g\u00f6re birinci maddede, 208. maddenin ikinci ve \u00fc\u00e7\u00fcnc\u00fc f\u0131kralar\u0131nda veya \u015eebekedeki Haberle\u015fmeyi D\u00fczenleme Kanunu ile tan\u0131mlanan, ayr\u0131ca 2012 tarihli 17 Say\u0131l\u0131 Kanun H\u00fckm\u00fcnde Kararname ile veya ulusal banknotlar\u0131n veya resmi b\u00fcltenlerde belirtilen d\u00f6viz kurlar\u0131n\u0131n azalmas\u0131na veya istikrars\u0131zl\u0131\u011f\u0131na neden olmak veya \u00fclkenin nakit ve tahvillerinin g\u00fcc\u00fcne ve kamu mali g\u00fcvenine ili\u015fkin t\u00fcm tahvillerin zarar g\u00f6rmesine neden olmak i\u00e7in \u00e7\u0131kar\u0131lan bilgi su\u00e7lar\u0131yla m\u00fccadele etmede, a\u011f taraf\u0131ndan bahsedilen y\u00f6ntemlerden herhangi biriyle yanl\u0131\u015f ger\u00e7ekler veya yanl\u0131\u015f veya hayali iddialar \u00e7\u0131karan veya duyuran veyahut da yeniden yay\u0131nlayan herkes ge\u00e7ici g\u00f6zalt\u0131 ve bir ila be\u015f milyon Suriye liras\u0131 para cezas\u0131 ile cezaland\u0131r\u0131lacakt\u0131r. H\u00fckm\u00fcn yay\u0131nlanmas\u0131na mahkeme karar verir.<\/p>\n<p style=\"text-align: justify;\">\u0130kinci maddede ise, takdiri azaltma nedenleri, bir \u00f6nceki maddede cezaland\u0131r\u0131lan su\u00e7lar i\u00e7in ge\u00e7erli de\u011fildir. San\u0131\u011f\u0131n, bir \u00f6nceki maddede \u00f6ng\u00f6r\u00fclen su\u00e7larda, soru\u015fturma ve yarg\u0131laman\u0131n t\u00fcm rollerinde serbest b\u0131rak\u0131lmas\u0131na izin verilmez.<\/p>\n<p style=\"text-align: justify;\">\u00dc\u00e7\u00fcnc\u00fc maddede ise i\u015fbu kanun h\u00fckm\u00fcndeki kararname resmi gazetede yay\u0131nlan\u0131r, denildi.<\/p>\n<p style=\"text-align: justify;\">23.5.1441 Hicri tarihine denk gelen 18 Ocak 2020 Miladi<\/p>\n<p style=\"text-align: justify;\">Cumhurba\u015fkan\u0131 Be\u015f\u015far Esad<\/p>\n","protected":false},"excerpt":{"rendered":"<p>\u015eAM \u2013 Cumhurba\u015fkan\u0131 Be\u015f\u015far Esad, 1949 tarihli 148 Say\u0131l\u0131 Kanun H\u00fckm\u00fcnde Kararname ve de\u011fi\u015fikliklerinde y\u00fcr\u00fcrl\u00fc\u011fe konan Ceza Kanunun 309. maddesini de\u011fi\u015ftirmek \u00fczere 2020 y\u0131l\u0131 4 say\u0131l\u0131 Kanun H\u00fckm\u00fcnde Kararname&#8217;yi yay\u0131mlad\u0131. Yeni kararnameye g\u00f6re birinci maddede, 208. maddenin ikinci ve \u00fc\u00e7\u00fcnc\u00fc f\u0131kralar\u0131nda veya \u015eebekedeki Haberle\u015fmeyi D\u00fczenleme Kanunu ile tan\u0131mlanan, ayr\u0131ca 2012 tarihli 17 Say\u0131l\u0131 Kanun H\u00fckm\u00fcnde &hellip;<\/p>\n","protected":false},"author":1,"featured_media":200190,"comment_status":"closed","ping_status":"closed","sticky":false,"template":"","format":"standard","meta":{"footnotes":""},"categories":[599],"tags":[],"class_list":["post-200189","post","type-post","status-publish","format-standard","has-post-thumbnail","","category-yasama-ve-kanunlar"],"_links":{"self":[{"href":"https:\/\/archive.sana.sy\/tr\/index.php?rest_route=\/wp\/v2\/posts\/200189","targetHints":{"allow":["GET"]}}],"collection":[{"href":"https:\/\/archive.sana.sy\/tr\/index.php?rest_route=\/wp\/v2\/posts"}],"about":[{"href":"https:\/\/archive.sana.sy\/tr\/index.php?rest_route=\/wp\/v2\/types\/post"}],"author":[{"embeddable":true,"href":"https:\/\/archive.sana.sy\/tr\/index.php?rest_route=\/wp\/v2\/users\/1"}],"replies":[{"embeddable":true,"href":"https:\/\/archive.sana.sy\/tr\/index.php?rest_route=%2Fwp%2Fv2%2Fcomments&post=200189"}],"version-history":[{"count":0,"href":"https:\/\/archive.sana.sy\/tr\/index.php?rest_route=\/wp\/v2\/posts\/200189\/revisions"}],"wp:featuredmedia":[{"embeddable":true,"href":"https:\/\/archive.sana.sy\/tr\/index.php?rest_route=\/wp\/v2\/media\/200190"}],"wp:attachment":[{"href":"https:\/\/archive.sana.sy\/tr\/index.php?rest_route=%2Fwp%2Fv2%2Fmedia&parent=200189"}],"wp:term":[{"taxonomy":"category","embeddable":true,"href":"https:\/\/archive.sana.sy\/tr\/index.php?rest_route=%2Fwp%2Fv2%2Fcategories&post=200189"},{"taxonomy":"post_tag","embeddable":true,"href":"https:\/\/archive.sana.sy\/tr\/index.php?rest_route=%2Fwp%2Fv2%2Ftags&post=200189"}],"curies":[{"name":"wp","href":"https:\/\/api.w.org\/{rel}","templated":true}]}}