{"id":200192,"date":"2020-01-19T09:11:34","date_gmt":"2020-01-19T07:11:34","guid":{"rendered":"http:\/\/sana.sy\/tr\/?p=200192"},"modified":"2020-01-20T11:16:17","modified_gmt":"2020-01-20T09:16:17","slug":"cumhurbaskani-esad-odeme-veya-karsilikli-ticaret-turlerinin-herhangi-birisini-vesile-olarak-suriye-lirasindan-baskasiyla-teamul-edenlere-agir-ceza-kararnamesi-cikardi","status":"publish","type":"post","link":"https:\/\/archive.sana.sy\/tr\/?p=200192","title":{"rendered":"Cumhurba\u015fkan\u0131 Esad \u00d6deme Veya Kar\u015f\u0131l\u0131kl\u0131 Ticaret T\u00fcrlerinin Herhangi Birisini Vesile Olarak Suriye Liras\u0131ndan Ba\u015fkas\u0131yla Team\u00fcl Edenlere\u00a0 A\u011f\u0131r Ceza Kararnamesi \u00c7\u0131kard\u0131"},"content":{"rendered":"<p style=\"text-align: justify;\">\u015eAM \u2013 Cumhurba\u015fkan\u0131 Be\u015f\u015far Esad, \u00f6deme vesilesi olarak Suriye liras\u0131 d\u0131\u015f\u0131ndaki team\u00fcllerin yasaklanmas\u0131yla ilgili 2013 y\u0131l\u0131 54 say\u0131l\u0131 Kanun H\u00fckm\u00fcnde Kararnamenin 2. maddesini de\u011fi\u015ftiren 2020 y\u0131l\u0131 3 say\u0131l\u0131 Kanun H\u00fckm\u00fcnde Kararname&#8217;yi yay\u0131mlad\u0131.<\/p>\n<p style=\"text-align: justify;\">Bu kanun h\u00fckm\u00fcndeki kararnameye muhalefet eden her ki\u015fi en az yedi y\u0131l ge\u00e7ici a\u011f\u0131r hapis cezas\u0131, \u00f6denen miktar\u0131n veya team\u00fcl edilem paran\u0131n, veya \u00f6denen veya hizmetler veyahut da sat\u0131\u015fa sunu\u015fan mallar\u0131n de\u011ferinin iki kat\u0131na e\u015fit para ile cezaland\u0131r\u0131l\u0131r.<\/p>\n<p style=\"text-align: justify;\">\u00d6demeler veya team\u00fcl edilen mebla\u011flar\u0131n veya de\u011ferli madenlere Suriye merkez Bankas\u0131 ad\u0131na ele al\u0131nmas\u0131 h\u00fckm\u00fcn\u00fc mahkeme kararla\u015ft\u0131r\u0131r.<\/p>\n<p style=\"text-align: justify;\">2013 y\u0131l\u0131 54 say\u0131l\u0131 yasama karar\u0131nda ge\u00e7en su\u00e7lar hakk\u0131nda serbest b\u0131rak\u0131lma s\u00f6z konusu de\u011fildir.<\/p>\n<p style=\"text-align: justify;\">\u0130\u015f bu kanun h\u00fckm\u00fcnde kararname resmi gazetede yay\u0131nlan\u0131r.<\/p>\n<p style=\"text-align: justify;\">23.5.1441 Hicri tarihine denk gelen 18.01.2020 Miladi y\u0131l\u0131 \u015eam.<\/p>\n<p style=\"text-align: justify;\">Cumhurba\u015fkan\u0131 Be\u015f\u015far Esad<\/p>\n<p style=\"text-align: justify;\">\n","protected":false},"excerpt":{"rendered":"<p>\u015eAM \u2013 Cumhurba\u015fkan\u0131 Be\u015f\u015far Esad, \u00f6deme vesilesi olarak Suriye liras\u0131 d\u0131\u015f\u0131ndaki team\u00fcllerin yasaklanmas\u0131yla ilgili 2013 y\u0131l\u0131 54 say\u0131l\u0131 Kanun H\u00fckm\u00fcnde Kararnamenin 2. maddesini de\u011fi\u015ftiren 2020 y\u0131l\u0131 3 say\u0131l\u0131 Kanun H\u00fckm\u00fcnde Kararname&#8217;yi yay\u0131mlad\u0131. Bu kanun h\u00fckm\u00fcndeki kararnameye muhalefet eden her ki\u015fi en az yedi y\u0131l ge\u00e7ici a\u011f\u0131r hapis cezas\u0131, \u00f6denen miktar\u0131n veya team\u00fcl edilem paran\u0131n, veya &hellip;<\/p>\n","protected":false},"author":1,"featured_media":200190,"comment_status":"closed","ping_status":"closed","sticky":false,"template":"","format":"standard","meta":{"footnotes":""},"categories":[599],"tags":[],"class_list":["post-200192","post","type-post","status-publish","format-standard","has-post-thumbnail","","category-yasama-ve-kanunlar"],"_links":{"self":[{"href":"https:\/\/archive.sana.sy\/tr\/index.php?rest_route=\/wp\/v2\/posts\/200192","targetHints":{"allow":["GET"]}}],"collection":[{"href":"https:\/\/archive.sana.sy\/tr\/index.php?rest_route=\/wp\/v2\/posts"}],"about":[{"href":"https:\/\/archive.sana.sy\/tr\/index.php?rest_route=\/wp\/v2\/types\/post"}],"author":[{"embeddable":true,"href":"https:\/\/archive.sana.sy\/tr\/index.php?rest_route=\/wp\/v2\/users\/1"}],"replies":[{"embeddable":true,"href":"https:\/\/archive.sana.sy\/tr\/index.php?rest_route=%2Fwp%2Fv2%2Fcomments&post=200192"}],"version-history":[{"count":0,"href":"https:\/\/archive.sana.sy\/tr\/index.php?rest_route=\/wp\/v2\/posts\/200192\/revisions"}],"wp:featuredmedia":[{"embeddable":true,"href":"https:\/\/archive.sana.sy\/tr\/index.php?rest_route=\/wp\/v2\/media\/200190"}],"wp:attachment":[{"href":"https:\/\/archive.sana.sy\/tr\/index.php?rest_route=%2Fwp%2Fv2%2Fmedia&parent=200192"}],"wp:term":[{"taxonomy":"category","embeddable":true,"href":"https:\/\/archive.sana.sy\/tr\/index.php?rest_route=%2Fwp%2Fv2%2Fcategories&post=200192"},{"taxonomy":"post_tag","embeddable":true,"href":"https:\/\/archive.sana.sy\/tr\/index.php?rest_route=%2Fwp%2Fv2%2Ftags&post=200192"}],"curies":[{"name":"wp","href":"https:\/\/api.w.org\/{rel}","templated":true}]}}