{"id":200214,"date":"2020-01-20T11:28:55","date_gmt":"2020-01-20T09:28:55","guid":{"rendered":"http:\/\/www.sana.sy\/tr\/?p=200214"},"modified":"2020-01-22T10:19:43","modified_gmt":"2020-01-22T08:19:43","slug":"halep-ili-sivil-yerlesim-alanlarina-dusen-teror-roketleri-sonucunda-1-sivil-sehit-dustu","status":"publish","type":"post","link":"https:\/\/archive.sana.sy\/tr\/?p=200214","title":{"rendered":"Halep \u0130li Sivil Yerle\u015fim Alanlar\u0131na D\u00fc\u015fen Ter\u00f6r Roketleri Sonucunda 1 Sivil \u015eehit D\u00fc\u015ft\u00fc"},"content":{"rendered":"<p>HALEP \u2013 Ter\u00f6rist \u00f6rg\u00fctlerin Halep ili 3 bin daire projesi ve Yeni Halep semtlerine y\u00f6nelik d\u00fczenledi\u011fi roketli f\u00fcze sald\u0131r\u0131s\u0131 sonucunda bir sivil \u015fehit d\u00fc\u015ft\u00fc.<\/p>\n<p>SANA muhabiri, Halep ilinin bat\u0131 ve g\u00fcney bat\u0131 taraflar\u0131nda yay\u0131lan ter\u00f6rist gruplar\u0131n d\u00fcn ak\u015fam yeni Halep ve 3 Bin Daire Projesi Semtlerine roketli f\u00fczelerle sald\u0131rmas\u0131 sonucunda bir vatanda\u015f\u0131 \u015fehit d\u00fc\u015ft\u00fc\u011f\u00fcn\u00fc olay yerinde bir ka\u00e7 arac\u0131n yanmas\u0131 s\u0131ra ahali ev ve m\u00fclklerinde de maddi zararlar\u0131n meydana geldi\u011fini ifade etti.<\/p>\n","protected":false},"excerpt":{"rendered":"<p>HALEP \u2013 Ter\u00f6rist \u00f6rg\u00fctlerin Halep ili 3 bin daire projesi ve Yeni Halep semtlerine y\u00f6nelik d\u00fczenledi\u011fi roketli f\u00fcze sald\u0131r\u0131s\u0131 sonucunda bir sivil \u015fehit d\u00fc\u015ft\u00fc. SANA muhabiri, Halep ilinin bat\u0131 ve g\u00fcney bat\u0131 taraflar\u0131nda yay\u0131lan ter\u00f6rist gruplar\u0131n d\u00fcn ak\u015fam yeni Halep ve 3 Bin Daire Projesi Semtlerine roketli f\u00fczelerle sald\u0131rmas\u0131 sonucunda bir vatanda\u015f\u0131 \u015fehit d\u00fc\u015ft\u00fc\u011f\u00fcn\u00fc olay &hellip;<\/p>\n","protected":false},"author":1,"featured_media":200215,"comment_status":"closed","ping_status":"closed","sticky":false,"template":"","format":"standard","meta":{"footnotes":""},"categories":[479,575,17988,478],"tags":[],"class_list":["post-200214","post","type-post","status-publish","format-standard","has-post-thumbnail","","category-haberler-yerel","category-olaylar-ve-gercekler","category-son-haberler","category-yerel"],"_links":{"self":[{"href":"https:\/\/archive.sana.sy\/tr\/index.php?rest_route=\/wp\/v2\/posts\/200214","targetHints":{"allow":["GET"]}}],"collection":[{"href":"https:\/\/archive.sana.sy\/tr\/index.php?rest_route=\/wp\/v2\/posts"}],"about":[{"href":"https:\/\/archive.sana.sy\/tr\/index.php?rest_route=\/wp\/v2\/types\/post"}],"author":[{"embeddable":true,"href":"https:\/\/archive.sana.sy\/tr\/index.php?rest_route=\/wp\/v2\/users\/1"}],"replies":[{"embeddable":true,"href":"https:\/\/archive.sana.sy\/tr\/index.php?rest_route=%2Fwp%2Fv2%2Fcomments&post=200214"}],"version-history":[{"count":0,"href":"https:\/\/archive.sana.sy\/tr\/index.php?rest_route=\/wp\/v2\/posts\/200214\/revisions"}],"wp:featuredmedia":[{"embeddable":true,"href":"https:\/\/archive.sana.sy\/tr\/index.php?rest_route=\/wp\/v2\/media\/200215"}],"wp:attachment":[{"href":"https:\/\/archive.sana.sy\/tr\/index.php?rest_route=%2Fwp%2Fv2%2Fmedia&parent=200214"}],"wp:term":[{"taxonomy":"category","embeddable":true,"href":"https:\/\/archive.sana.sy\/tr\/index.php?rest_route=%2Fwp%2Fv2%2Fcategories&post=200214"},{"taxonomy":"post_tag","embeddable":true,"href":"https:\/\/archive.sana.sy\/tr\/index.php?rest_route=%2Fwp%2Fv2%2Ftags&post=200214"}],"curies":[{"name":"wp","href":"https:\/\/api.w.org\/{rel}","templated":true}]}}