{"id":20036,"date":"2015-01-07T21:00:30","date_gmt":"2015-01-07T19:00:30","guid":{"rendered":"http:\/\/sana.sy\/tr\/?p=20036"},"modified":"2015-01-08T12:38:55","modified_gmt":"2015-01-08T10:38:55","slug":"teroristler-dini-sembolleri-hedef-almaya-devam-ediyorlar","status":"publish","type":"post","link":"https:\/\/archive.sana.sy\/tr\/?p=20036","title":{"rendered":"Ter\u00f6ristler Dini Sembolleri Hedef Almaya Devam Ediyor"},"content":{"rendered":"<p>DERA \u2013 Nusra Cephesine Ba\u011fl\u0131 ter\u00f6ristler Dera k\u0131rsal\u0131na ba\u011fl\u0131 Neva b\u00f6lgesinde bulunan \u0130mam Nevavi T\u00fcrbesini tahrip etti.<\/p>\n<p>Dera\u2019da SANA muhabirine a\u00e7\u0131klama yapan yetkili bir kaynak, Nusra Cephesine ba\u011fl\u0131 ter\u00f6ristlerin Dera K\u0131rsal\u0131n\u0131n Neva Beldesinde bulunan \u0130mam Nevavi t\u00fcrbesinde bulunan mezar ta\u015flar\u0131n\u0131 s\u00f6kerek patlay\u0131c\u0131 ile patlatt\u0131klar\u0131n\u0131 ifade etti.<\/p>\n<p>\u0130mam Nevavi\u2019nin tam ad\u0131n\u0131n Muhittin Ebu Zekaya Yahya Bin \u015eeref el Nevavi olup Neva beldesinde do\u011fmu\u015f ve ya\u015fam\u0131\u015f oldu\u011funu dile getiren kaynak; ter\u00f6ristlerin internet sayfalar\u0131nda yay\u0131nlad\u0131klar\u0131 haberlerde \u0130mam Nevavi T\u00fcrbesinin \u201cNusra Cephesi Emirleri\u201d\u2019nden \u00e7\u0131kan bir fetvayla tahrip ettikleri bilgisine yer verdiklerini belirtti.<\/p>\n<p><span style=\"color: #0000ff\">Vak\u0131flar Bakanl\u0131\u011f\u0131 Dini Sembolleri Hedef Alan Sald\u0131r\u0131lar\u0131 K\u0131nad\u0131<\/span><\/p>\n<p>Bu arada Vak\u0131flar Bakanl\u0131\u011f\u0131, silahl\u0131 ter\u00f6r gruplar\u0131n\u0131n Dera k\u0131rsal\u0131nda \u0130mam Nevavi T\u00fcrbesini hedef almalar\u0131n\u0131 sert c\u00fcmlelerle k\u0131nad\u0131.<\/p>\n<p>Bakanl\u0131k bug\u00fcn yay\u0131nlad\u0131\u011f\u0131 beyanda silahl\u0131 ter\u00f6r gruplar\u0131n\u0131n \u0130slami ve H\u0131ristiyan inanc\u0131na ait dini sembolleri hedef almas\u0131n\u0131 en sert c\u00fcmlelerle k\u0131nayarak dini sembolleri hedef alan sald\u0131r\u0131lar\u0131n Suriye\u2019deki uygarl\u0131k tarihini yok etme \u00e7abas\u0131 \u00e7er\u00e7evesinde geldi\u011fine dikkat \u00e7ekti.<\/p>\n<p>&nbsp;<\/p>\n","protected":false},"excerpt":{"rendered":"<p>DERA \u2013 Nusra Cephesine Ba\u011fl\u0131 ter\u00f6ristler Dera k\u0131rsal\u0131na ba\u011fl\u0131 Neva b\u00f6lgesinde bulunan \u0130mam Nevavi T\u00fcrbesini tahrip etti. Dera\u2019da SANA muhabirine a\u00e7\u0131klama yapan yetkili bir kaynak, Nusra Cephesine ba\u011fl\u0131 ter\u00f6ristlerin Dera K\u0131rsal\u0131n\u0131n Neva Beldesinde bulunan \u0130mam Nevavi t\u00fcrbesinde bulunan mezar ta\u015flar\u0131n\u0131 s\u00f6kerek patlay\u0131c\u0131 ile patlatt\u0131klar\u0131n\u0131 ifade etti. \u0130mam Nevavi\u2019nin tam ad\u0131n\u0131n Muhittin Ebu Zekaya Yahya Bin &hellip;<\/p>\n","protected":false},"author":1,"featured_media":20037,"comment_status":"closed","ping_status":"closed","sticky":false,"template":"","format":"standard","meta":{"footnotes":""},"categories":[479,575,478],"tags":[9565,9564],"class_list":["post-20036","post","type-post","status-publish","format-standard","has-post-thumbnail","","category-haberler-yerel","category-olaylar-ve-gercekler","category-yerel","tag-nusra-cephesine-bagli-teroristlerin-dera-kirsalinin-neva-beldesinde-bulunan-imam-nevavi-turbesinde-bulunan-mezar-taslarini-sokerek-patlayici-ile-patlattiklarini-ifade-etti-imam-nevavinin-tam","tag-teroristler-dini-sembolleri-hedef-almaya-devam-ediyorlar-dera-nusra-cephesine-bagli-teroristler-dera-kirsalina-bagli-neva-bolgesinde-bulunan-imam-nevavi-turbesini-tahrip-ettiler-dera"],"_links":{"self":[{"href":"https:\/\/archive.sana.sy\/tr\/index.php?rest_route=\/wp\/v2\/posts\/20036","targetHints":{"allow":["GET"]}}],"collection":[{"href":"https:\/\/archive.sana.sy\/tr\/index.php?rest_route=\/wp\/v2\/posts"}],"about":[{"href":"https:\/\/archive.sana.sy\/tr\/index.php?rest_route=\/wp\/v2\/types\/post"}],"author":[{"embeddable":true,"href":"https:\/\/archive.sana.sy\/tr\/index.php?rest_route=\/wp\/v2\/users\/1"}],"replies":[{"embeddable":true,"href":"https:\/\/archive.sana.sy\/tr\/index.php?rest_route=%2Fwp%2Fv2%2Fcomments&post=20036"}],"version-history":[{"count":0,"href":"https:\/\/archive.sana.sy\/tr\/index.php?rest_route=\/wp\/v2\/posts\/20036\/revisions"}],"wp:featuredmedia":[{"embeddable":true,"href":"https:\/\/archive.sana.sy\/tr\/index.php?rest_route=\/wp\/v2\/media\/20037"}],"wp:attachment":[{"href":"https:\/\/archive.sana.sy\/tr\/index.php?rest_route=%2Fwp%2Fv2%2Fmedia&parent=20036"}],"wp:term":[{"taxonomy":"category","embeddable":true,"href":"https:\/\/archive.sana.sy\/tr\/index.php?rest_route=%2Fwp%2Fv2%2Fcategories&post=20036"},{"taxonomy":"post_tag","embeddable":true,"href":"https:\/\/archive.sana.sy\/tr\/index.php?rest_route=%2Fwp%2Fv2%2Ftags&post=20036"}],"curies":[{"name":"wp","href":"https:\/\/api.w.org\/{rel}","templated":true}]}}