{"id":20044,"date":"2015-01-07T09:40:09","date_gmt":"2015-01-07T07:40:09","guid":{"rendered":"http:\/\/www.sana.sy\/tr\/?p=20044"},"modified":"2015-01-08T15:37:59","modified_gmt":"2015-01-08T13:37:59","slug":"20044","status":"publish","type":"post","link":"https:\/\/archive.sana.sy\/tr\/?p=20044","title":{"rendered":"Vatan Koruyucular\u0131m\u0131z So\u011fuklara Ald\u0131rmadan Ter\u00f6re Kar\u015f\u0131 Sava\u015f\u0131n\u0131 S\u00fcrd\u00fcr\u00fcyor"},"content":{"rendered":"<p>\u0130LLER \u2013 Vatan koruyucular\u0131 ordu birliklerimiz so\u011fuk ve yo\u011fun kar ya\u011f\u0131\u015flar\u0131na ra\u011fmen yurdun muhtelif b\u00f6lgelerinde ter\u00f6r \u00e7etelere y\u00f6nelik sava\u015f\u0131n\u0131 ba\u015far\u0131yla s\u00fcrd\u00fcr\u00fcyor.<\/p>\n<p><span style=\"color: #0000ff\">\u0130dlib K\u0131rsal\u0131nda Erdo\u011fan Destekli Ter\u00f6ristlerin A\u011f\u0131r Kay\u0131plar\u0131 Devam Ediyor<\/span><\/p>\n<p>Vatan koruyucular\u0131m\u0131z \u0130dlib k\u0131rsal\u0131n\u0131n muhtelif b\u00f6lgelerinde T\u00fcrkiye&#8217;deki Erdo\u011fan rejiminin deste\u011fi ile k\u00fclt\u00fcr, tarih ve insanl\u0131\u011f\u0131 hedef alan ter\u00f6r \u00e7eteleri a\u011f\u0131r kay\u0131plara u\u011fratmaya devam etti.<\/p>\n<p>Askeri kaynak ordu birliklerimizin \u0130dlib k\u0131rsal\u0131nda s\u00fcrekli olarak operasyonlara tan\u0131k olan Arbain Da\u011f\u0131nda yine ter\u00f6ristleri b\u00fcy\u00fck be\u015feri kay\u0131plara u\u011fratt\u0131klar\u0131n\u0131 s\u00f6yledi.<\/p>\n<p>T\u00fcrkiye s\u0131n\u0131rlar\u0131na yak\u0131n olan ve muhtelif uyruklardan ter\u00f6ristlerin Erdo\u011fan rejiminin deste\u011fi ve denetimiyle Suriye&#8217;ye girmede kullan\u0131lan Cebel el Ekrad b\u00f6lgesinde ise ordu birliklerimiz; yine \u00e7ok say\u0131da ter\u00f6risti su\u00e7 edatlar\u0131yla birlikte etkisizle\u015ftirdi. Saha kaynaklar\u0131 etkisizle\u015ftirilen ter\u00f6ristler aras\u0131nda yabanc\u0131lar\u0131n bulundu\u011funu s\u00f6yledi.<\/p>\n<p>\u0130dlib Kentinin 8 km bat\u0131s\u0131 Seycar B\u00f6lgesinde de ter\u00f6r \u00e7etelerinin mevkilerine y\u00f6nelik operasyonlar\u0131n\u0131 s\u00fcrd\u00fcren ordu birliklerimiz, \u00e7ok say\u0131da ter\u00f6risti \u00f6l\u00fc yaral\u0131 d\u00fc\u015f\u00fcrd\u00fc.<\/p>\n<p><span style=\"color: #0000ff\">Homs ve K\u0131rsal\u0131nda Ara\u00e7lar\u0131yla Etkisizle\u015ftiriliyorlar<\/span><\/p>\n<p>Saha kaynaklar\u0131 ordu birliklerimizin Homs Kentinin 18 km kuzey bat\u0131s\u0131na d\u00fc\u015fen Hilaliye ve Bedeviler Mahallesinde ter\u00f6r \u00e7etelerin karargahlar\u0131n\u0131 muhtevalar\u0131yla imha etmelerinden bir g\u00fcn sonra bug\u00fcn Hilaliye \u00c7iftli\u011finde \u00e7ok say\u0131da ter\u00f6risti su\u00e7 edatlar\u0131yla birlikte etkisizle\u015ftirdi.<\/p>\n<p>Homs Kentinin bar\u0131s\u0131 Vaer Semtinde ise kaynaklar ordu birliklerimizin ter\u00f6ristlerin siper ve karargah olarak kulland\u0131klar\u0131 binalara odakl\u0131 bir dizi operasyonda bulunduklar\u0131n\u0131 s\u00f6yledi. Operasyonda aralar\u0131nda tan\u0131nm\u0131\u015f az\u0131l\u0131 katillerin bulundu\u011fu bir\u00e7ok ter\u00f6rist \u00f6l\u00fc yaral\u0131 d\u00fc\u015f\u00fcr\u00fcld\u00fc.<\/p>\n<p>Bu arada Vaer Semtindeki ter\u00f6r \u00e7eteleri semt ahalisine s\u00fcrekli sald\u0131r\u0131lar\u0131, mallar\u0131n\u0131 gasp edip g\u0131da ve t\u00fcketim \u00fcr\u00fcnlerini istedikleri gibi ve istedikleri fiyatlarda satmalar\u0131yla birlikte ahalinin semt d\u0131\u015f\u0131na \u00e7\u0131kmalar\u0131n\u0131 engelliyor. Bu nedenle semt ahalisi ter\u00f6r \u00e7etelere kar\u015f\u0131 bir dizi g\u00f6steriler d\u00fczenleyip semtlerinden \u00e7\u0131kmalar\u0131n\u0131 talep etti.<\/p>\n","protected":false},"excerpt":{"rendered":"<p>\u0130LLER \u2013 Vatan koruyucular\u0131 ordu birliklerimiz so\u011fuk ve yo\u011fun kar ya\u011f\u0131\u015flar\u0131na ra\u011fmen yurdun muhtelif b\u00f6lgelerinde ter\u00f6r \u00e7etelere y\u00f6nelik sava\u015f\u0131n\u0131 ba\u015far\u0131yla s\u00fcrd\u00fcr\u00fcyor. \u0130dlib K\u0131rsal\u0131nda Erdo\u011fan Destekli Ter\u00f6ristlerin A\u011f\u0131r Kay\u0131plar\u0131 Devam Ediyor Vatan koruyucular\u0131m\u0131z \u0130dlib k\u0131rsal\u0131n\u0131n muhtelif b\u00f6lgelerinde T\u00fcrkiye&#8217;deki Erdo\u011fan rejiminin deste\u011fi ile k\u00fclt\u00fcr, tarih ve insanl\u0131\u011f\u0131 hedef alan ter\u00f6r \u00e7eteleri a\u011f\u0131r kay\u0131plara u\u011fratmaya devam etti. Askeri &hellip;<\/p>\n","protected":false},"author":1,"featured_media":20045,"comment_status":"closed","ping_status":"closed","sticky":false,"template":"","format":"standard","meta":{"footnotes":""},"categories":[575],"tags":[9575,9571,9567,9572,9569,9568,2821,9570,9566,9573,3419,9574],"class_list":["post-20044","post","type-post","status-publish","format-standard","has-post-thumbnail","","category-olaylar-ve-gercekler","tag-agir-makineli-silahla-donatilmis-2-pikap-ve-cok-sayida-teroristi-etkisizlestirdi","tag-ayyas-ve-tiym-bolgelerinde-isidin-arac-konvoylarini-bombaladi-operasyonlarda-bircok-arac-imha-edilirken","tag-breyc-hizarlari","tag-cok-sayida-isidli-terorist-olduruldu-serda-daglarinda-ise-asiret-gencleriyle-isbirligi-icinde-kurulan-pusuda-isidlilerin-bir-pikaplari-imha-edilip-bircok-terorist-olduruldu-deyrezz","tag-durumlarin-da-ordunun-kontrolunde-oldugunu-kaydetti-bu-arada-teror-cetelerinin-mecbel-bolgesinden-breycdeki-askeri-noktalara-saldirma-girisimlerinde-bulundu-ordu-birliklerimizin-10","tag-hanano-hizzarlari-ve-tel-el-meysat-bolgelerine-girmeye-calisan-teroristlere-karsi-koymaya-devam-ettiklerini","tag-huveyka","tag-mallarini-gasp-edip-gida-ve-tuketim-urunlerini-istedikleri-gibi-ve-istedikleri-fiyatlarda-satmalariyla-birlikte-ahalinin-semt-disina-cikmalarini-engelliyor-bu-nedenle-semt-ahalisi-teror-cetelere-kars","tag-ordu-birliklerimiz-terore-karsi-savasini-soguk-ve-kar-yagisina-ragmen-surduruyor-iller-vatan-koruyuculari-ordu-birliklerimiz-soguk-ve-yogun-kar-yagislarina-ragmen-yurdun-muhtelif-bolgelerind","tag-rassafa","tag-rusdiye","tag-urfi-ve-sanayi-semtlerinde-aralarinda-tehlikelilerin-bulundugu-bircok-teroristi-oldurdu-huveycet-sakr-cephesinde-isid-ceteleri-ile-catismalarini-surduren-ordu-birliklerimiz"],"_links":{"self":[{"href":"https:\/\/archive.sana.sy\/tr\/index.php?rest_route=\/wp\/v2\/posts\/20044","targetHints":{"allow":["GET"]}}],"collection":[{"href":"https:\/\/archive.sana.sy\/tr\/index.php?rest_route=\/wp\/v2\/posts"}],"about":[{"href":"https:\/\/archive.sana.sy\/tr\/index.php?rest_route=\/wp\/v2\/types\/post"}],"author":[{"embeddable":true,"href":"https:\/\/archive.sana.sy\/tr\/index.php?rest_route=\/wp\/v2\/users\/1"}],"replies":[{"embeddable":true,"href":"https:\/\/archive.sana.sy\/tr\/index.php?rest_route=%2Fwp%2Fv2%2Fcomments&post=20044"}],"version-history":[{"count":0,"href":"https:\/\/archive.sana.sy\/tr\/index.php?rest_route=\/wp\/v2\/posts\/20044\/revisions"}],"wp:featuredmedia":[{"embeddable":true,"href":"https:\/\/archive.sana.sy\/tr\/index.php?rest_route=\/wp\/v2\/media\/20045"}],"wp:attachment":[{"href":"https:\/\/archive.sana.sy\/tr\/index.php?rest_route=%2Fwp%2Fv2%2Fmedia&parent=20044"}],"wp:term":[{"taxonomy":"category","embeddable":true,"href":"https:\/\/archive.sana.sy\/tr\/index.php?rest_route=%2Fwp%2Fv2%2Fcategories&post=20044"},{"taxonomy":"post_tag","embeddable":true,"href":"https:\/\/archive.sana.sy\/tr\/index.php?rest_route=%2Fwp%2Fv2%2Ftags&post=20044"}],"curies":[{"name":"wp","href":"https:\/\/api.w.org\/{rel}","templated":true}]}}