{"id":200472,"date":"2020-01-27T11:37:25","date_gmt":"2020-01-27T09:37:25","guid":{"rendered":"http:\/\/www.sana.sy\/tr\/?p=200472"},"modified":"2020-01-28T10:32:34","modified_gmt":"2020-01-28T08:32:34","slug":"erdogan-gucleri-ve-onlara-tabi-teroristler-yine-sivilleri-bombaladi","status":"publish","type":"post","link":"https:\/\/archive.sana.sy\/tr\/?p=200472","title":{"rendered":"Erdo\u011fan G\u00fc\u00e7leri ve Onlara Tabi Ter\u00f6ristler Yine Sivilleri Bombalad\u0131"},"content":{"rendered":"<p>HASEKE \u2013 T\u00fcrkiye\u2019de Erdo\u011fan rejimine tabi olan i\u015fgalci g\u00fc\u00e7ler ve bu g\u00fc\u00e7lere ba\u011fl\u0131 kiral\u0131k ter\u00f6ristler Haseke \u0130linin kuzeybat\u0131s\u0131 Rasulayn k\u0131rsal\u0131nda bir kez daha masum sivilleri evlerinde bombalad\u0131.<\/p>\n<p>SANA muhabiri yerel kaynaklardan naklen i\u015fgalci Erdo\u011fan g\u00fc\u00e7leri ve bu g\u00fc\u00e7lere ba\u011fl\u0131 kiral\u0131k ter\u00f6ristlerin Um Harmela, Tel Harmel ve Esediye beldelerinde sivillerin kald\u0131klar\u0131 binalar\u0131 havan ve toplarla bombalad\u0131klar\u0131n\u0131 aktard\u0131. Muhabir gaddar sald\u0131r\u0131lar\u0131nda yerle\u015fim binalar\u0131nda ciddi maddi hasarlar\u0131n meydana geldi\u011fini belirtti.<\/p>\n<p>\u0130\u015fgal g\u00fc\u00e7leri ve onlara tabi ter\u00f6ristlerin gaddar sald\u0131r\u0131lar\u0131 sonucunda insani durumlar\u0131n k\u00f6t\u00fcye gitti\u011fini ifade eden muhabir; ter\u00f6r sald\u0131r\u0131lar\u0131ndan korkan \u00e7ok say\u0131da ailenin kad\u0131n \u00e7ocuk ya\u015fl\u0131lar\u0131yla karda k\u0131\u015fta evlerini bo\u015faltt\u0131klar\u0131na dikkat \u00e7ekti.<\/p>\n","protected":false},"excerpt":{"rendered":"<p>HASEKE \u2013 T\u00fcrkiye\u2019de Erdo\u011fan rejimine tabi olan i\u015fgalci g\u00fc\u00e7ler ve bu g\u00fc\u00e7lere ba\u011fl\u0131 kiral\u0131k ter\u00f6ristler Haseke \u0130linin kuzeybat\u0131s\u0131 Rasulayn k\u0131rsal\u0131nda bir kez daha masum sivilleri evlerinde bombalad\u0131. SANA muhabiri yerel kaynaklardan naklen i\u015fgalci Erdo\u011fan g\u00fc\u00e7leri ve bu g\u00fc\u00e7lere ba\u011fl\u0131 kiral\u0131k ter\u00f6ristlerin Um Harmela, Tel Harmel ve Esediye beldelerinde sivillerin kald\u0131klar\u0131 binalar\u0131 havan ve toplarla bombalad\u0131klar\u0131n\u0131 &hellip;<\/p>\n","protected":false},"author":1,"featured_media":200473,"comment_status":"closed","ping_status":"closed","sticky":false,"template":"","format":"standard","meta":{"footnotes":""},"categories":[479,575,17988,2554,2555,478],"tags":[],"class_list":["post-200472","post","type-post","status-publish","format-standard","has-post-thumbnail","","category-haberler-yerel","category-olaylar-ve-gercekler","category-son-haberler","category-suriye-ve-dunya","category-suriye-ve-turkiye","category-yerel"],"_links":{"self":[{"href":"https:\/\/archive.sana.sy\/tr\/index.php?rest_route=\/wp\/v2\/posts\/200472","targetHints":{"allow":["GET"]}}],"collection":[{"href":"https:\/\/archive.sana.sy\/tr\/index.php?rest_route=\/wp\/v2\/posts"}],"about":[{"href":"https:\/\/archive.sana.sy\/tr\/index.php?rest_route=\/wp\/v2\/types\/post"}],"author":[{"embeddable":true,"href":"https:\/\/archive.sana.sy\/tr\/index.php?rest_route=\/wp\/v2\/users\/1"}],"replies":[{"embeddable":true,"href":"https:\/\/archive.sana.sy\/tr\/index.php?rest_route=%2Fwp%2Fv2%2Fcomments&post=200472"}],"version-history":[{"count":0,"href":"https:\/\/archive.sana.sy\/tr\/index.php?rest_route=\/wp\/v2\/posts\/200472\/revisions"}],"wp:featuredmedia":[{"embeddable":true,"href":"https:\/\/archive.sana.sy\/tr\/index.php?rest_route=\/wp\/v2\/media\/200473"}],"wp:attachment":[{"href":"https:\/\/archive.sana.sy\/tr\/index.php?rest_route=%2Fwp%2Fv2%2Fmedia&parent=200472"}],"wp:term":[{"taxonomy":"category","embeddable":true,"href":"https:\/\/archive.sana.sy\/tr\/index.php?rest_route=%2Fwp%2Fv2%2Fcategories&post=200472"},{"taxonomy":"post_tag","embeddable":true,"href":"https:\/\/archive.sana.sy\/tr\/index.php?rest_route=%2Fwp%2Fv2%2Ftags&post=200472"}],"curies":[{"name":"wp","href":"https:\/\/api.w.org\/{rel}","templated":true}]}}