{"id":200537,"date":"2020-01-28T15:39:35","date_gmt":"2020-01-28T13:39:35","guid":{"rendered":"http:\/\/www.sana.sy\/tr\/?p=200537"},"modified":"2020-01-30T09:56:25","modified_gmt":"2020-01-30T07:56:25","slug":"lavrov-teroristler-kiskirtmalarini-ve-saldirilarini-surduruyor-bu-yuzden-ortadan-kaldirilmalari-gerekiyor","status":"publish","type":"post","link":"https:\/\/archive.sana.sy\/tr\/?p=200537","title":{"rendered":"Lavrov: Ter\u00f6ristler K\u0131\u015fk\u0131rtmalar\u0131n\u0131 ve Sald\u0131r\u0131lar\u0131n\u0131 S\u00fcrd\u00fcr\u00fcyor, Bu Y\u00fczden Ortadan Kald\u0131r\u0131lmalar\u0131 Gerekiyor"},"content":{"rendered":"<p>MOSKOVA \u2013 Rusya D\u0131\u015fi\u015fleri Bakan\u0131 Sergey Lavrov, \u0130dlib&#8217;de ter\u00f6r\u00fcn ortadan kald\u0131r\u0131lmas\u0131 gere\u011fini bir kez daha belirtti.<br \/>\nG\u00fcney Sudan D\u0131\u015fi\u015fleri Bakan\u0131 Out Dink A\u015fvil ile bug\u00fcn Moskova&#8217;da d\u00fczenledi\u011fi ortak bas\u0131n toplant\u0131s\u0131nda Lavrov, \u0130dlib&#8217;de yay\u0131lan ter\u00f6ristlerin t\u0131rmand\u0131rmalar\u0131 azaltma b\u00f6lgesi ittifak\u0131n\u0131 ihlal etmeyi, kom\u015fu b\u00f6lgeleri, Suriye Ordusu mevkileri ve Hmeymim Havaalan\u0131na sald\u0131r\u0131lar\u0131n\u0131 s\u00fcrd\u00fcrd\u00fcklerini bu sebeple ter\u00f6ristlerin ortadan kald\u0131r\u0131lmas\u0131 gere\u011fini vurgulad\u0131.<br \/>\nLavrov, bu gibi k\u0131\u015fk\u0131rtmalar\u0131n sivillerden onlarca kurban\u0131n ve y\u00fczlerce yaral\u0131n\u0131n d\u00fc\u015fmesine yol a\u00e7t\u0131\u011f\u0131n\u0131 bunun devam edilmesine izin vermenin m\u00fcmk\u00fcn olmad\u0131\u011f\u0131n\u0131 a\u00e7\u0131klayarak, ter\u00f6re kar\u015f\u0131 sava\u015fta \u00fclkesinin Suriye Arap Ordusuna deste\u011fi s\u00fcrd\u00fcrece\u011fine dikkat \u00e7ekti.<br \/>\nLavrov, ter\u00f6ristlerin sivillerin \u00e7\u0131k\u0131\u015flar\u0131n\u0131 engellemek i\u00e7in a\u00e7\u0131lan insani koridorlar\u0131 hedef ald\u0131klar\u0131n\u0131 ve canl\u0131 kalkan olarak kulland\u0131klar\u0131na i\u015faret ederek, T\u00fcrk taraf\u0131n\u0131 \u0130dlib&#8217;de t\u0131rmand\u0131rmalar\u0131 azaltma b\u00f6lgesi konusunda anla\u015fmaya var\u0131lan uzla\u015fmalar\u0131 &#8220;nezih bir \u015fekilde eksiksiz ve i\u015fleri uzatmadan&#8221; uygulamaya \u00e7a\u011f\u0131rd\u0131.<\/p>\n","protected":false},"excerpt":{"rendered":"<p>MOSKOVA \u2013 Rusya D\u0131\u015fi\u015fleri Bakan\u0131 Sergey Lavrov, \u0130dlib&#8217;de ter\u00f6r\u00fcn ortadan kald\u0131r\u0131lmas\u0131 gere\u011fini bir kez daha belirtti. G\u00fcney Sudan D\u0131\u015fi\u015fleri Bakan\u0131 Out Dink A\u015fvil ile bug\u00fcn Moskova&#8217;da d\u00fczenledi\u011fi ortak bas\u0131n toplant\u0131s\u0131nda Lavrov, \u0130dlib&#8217;de yay\u0131lan ter\u00f6ristlerin t\u0131rmand\u0131rmalar\u0131 azaltma b\u00f6lgesi ittifak\u0131n\u0131 ihlal etmeyi, kom\u015fu b\u00f6lgeleri, Suriye Ordusu mevkileri ve Hmeymim Havaalan\u0131na sald\u0131r\u0131lar\u0131n\u0131 s\u00fcrd\u00fcrd\u00fcklerini bu sebeple ter\u00f6ristlerin ortadan kald\u0131r\u0131lmas\u0131 &hellip;<\/p>\n","protected":false},"author":1,"featured_media":200538,"comment_status":"closed","ping_status":"closed","sticky":false,"template":"","format":"standard","meta":{"footnotes":""},"categories":[458,459,17988],"tags":[],"class_list":["post-200537","post","type-post","status-publish","format-standard","has-post-thumbnail","","category-dunya1","category-haberler-arap-uluslararasi-politika","category-son-haberler"],"_links":{"self":[{"href":"https:\/\/archive.sana.sy\/tr\/index.php?rest_route=\/wp\/v2\/posts\/200537","targetHints":{"allow":["GET"]}}],"collection":[{"href":"https:\/\/archive.sana.sy\/tr\/index.php?rest_route=\/wp\/v2\/posts"}],"about":[{"href":"https:\/\/archive.sana.sy\/tr\/index.php?rest_route=\/wp\/v2\/types\/post"}],"author":[{"embeddable":true,"href":"https:\/\/archive.sana.sy\/tr\/index.php?rest_route=\/wp\/v2\/users\/1"}],"replies":[{"embeddable":true,"href":"https:\/\/archive.sana.sy\/tr\/index.php?rest_route=%2Fwp%2Fv2%2Fcomments&post=200537"}],"version-history":[{"count":0,"href":"https:\/\/archive.sana.sy\/tr\/index.php?rest_route=\/wp\/v2\/posts\/200537\/revisions"}],"wp:featuredmedia":[{"embeddable":true,"href":"https:\/\/archive.sana.sy\/tr\/index.php?rest_route=\/wp\/v2\/media\/200538"}],"wp:attachment":[{"href":"https:\/\/archive.sana.sy\/tr\/index.php?rest_route=%2Fwp%2Fv2%2Fmedia&parent=200537"}],"wp:term":[{"taxonomy":"category","embeddable":true,"href":"https:\/\/archive.sana.sy\/tr\/index.php?rest_route=%2Fwp%2Fv2%2Fcategories&post=200537"},{"taxonomy":"post_tag","embeddable":true,"href":"https:\/\/archive.sana.sy\/tr\/index.php?rest_route=%2Fwp%2Fv2%2Ftags&post=200537"}],"curies":[{"name":"wp","href":"https:\/\/api.w.org\/{rel}","templated":true}]}}