{"id":200540,"date":"2020-01-28T20:52:25","date_gmt":"2020-01-28T18:52:25","guid":{"rendered":"http:\/\/www.sana.sy\/tr\/?p=200540"},"modified":"2020-01-30T09:56:35","modified_gmt":"2020-01-30T07:56:35","slug":"ordu-teroristlerin-barinaklarina-yonelik-operasyonlarini-yogunlastirdi","status":"publish","type":"post","link":"https:\/\/archive.sana.sy\/tr\/?p=200540","title":{"rendered":"Ordu Ter\u00f6ristlerin Bar\u0131naklar\u0131na Y\u00f6nelik Operasyonlar\u0131n\u0131 Yo\u011funla\u015ft\u0131rd\u0131"},"content":{"rendered":"<p style=\"text-align: justify;\">HALEP \u2013 Halep&#8217;te g\u00f6rev yapan Suriye Arap Ordu Birlikleri, Halep&#8217;in bat\u0131 ve g\u00fcneybat\u0131s\u0131ndaki Ra\u015fidin b\u00f6lgesi, Mansura ve Han Tuman eksenlerinde ter\u00f6rist \u00f6rg\u00fctlerin yay\u0131ld\u0131\u011f\u0131 b\u00f6lgelerdeki, bar\u0131nak ve toplanma merkezlerine y\u00f6nelik yo\u011fun operasyonlar d\u00fczenledi.<\/p>\n<p style=\"text-align: justify;\">Halep SANA muhabiri operasyon bmlgelerinden yapt\u0131\u011f\u0131 a\u00e7\u0131klamada, ordu birliklerinin sabahtan beri top\u00e7u ve f\u00fcze birlikleri kanal\u0131yla ter\u00f6ristlerin Han Tuman, Mansura, Kfar Naha ve Kfar Dael ekseni ile Ra\u015fidin b\u00f6lgesi boyunca yay\u0131ld\u0131klar\u0131 b\u00f6lgelere y\u00f6nelik yo\u011fun operasyonlar d\u00fczenlemesi sonucunda bar\u0131naklar\u0131, toplanma merkezleri yan\u0131 s\u0131ra ara\u00e7 ve cephane i\u00e7eren depolar\u0131n\u0131 imha ettiklerini s\u00f6yledi.<\/p>\n","protected":false},"excerpt":{"rendered":"<p>HALEP \u2013 Halep&#8217;te g\u00f6rev yapan Suriye Arap Ordu Birlikleri, Halep&#8217;in bat\u0131 ve g\u00fcneybat\u0131s\u0131ndaki Ra\u015fidin b\u00f6lgesi, Mansura ve Han Tuman eksenlerinde ter\u00f6rist \u00f6rg\u00fctlerin yay\u0131ld\u0131\u011f\u0131 b\u00f6lgelerdeki, bar\u0131nak ve toplanma merkezlerine y\u00f6nelik yo\u011fun operasyonlar d\u00fczenledi. Halep SANA muhabiri operasyon bmlgelerinden yapt\u0131\u011f\u0131 a\u00e7\u0131klamada, ordu birliklerinin sabahtan beri top\u00e7u ve f\u00fcze birlikleri kanal\u0131yla ter\u00f6ristlerin Han Tuman, Mansura, Kfar Naha ve &hellip;<\/p>\n","protected":false},"author":1,"featured_media":200541,"comment_status":"closed","ping_status":"closed","sticky":false,"template":"","format":"standard","meta":{"footnotes":""},"categories":[479,575,17988,478],"tags":[],"class_list":["post-200540","post","type-post","status-publish","format-standard","has-post-thumbnail","","category-haberler-yerel","category-olaylar-ve-gercekler","category-son-haberler","category-yerel"],"_links":{"self":[{"href":"https:\/\/archive.sana.sy\/tr\/index.php?rest_route=\/wp\/v2\/posts\/200540","targetHints":{"allow":["GET"]}}],"collection":[{"href":"https:\/\/archive.sana.sy\/tr\/index.php?rest_route=\/wp\/v2\/posts"}],"about":[{"href":"https:\/\/archive.sana.sy\/tr\/index.php?rest_route=\/wp\/v2\/types\/post"}],"author":[{"embeddable":true,"href":"https:\/\/archive.sana.sy\/tr\/index.php?rest_route=\/wp\/v2\/users\/1"}],"replies":[{"embeddable":true,"href":"https:\/\/archive.sana.sy\/tr\/index.php?rest_route=%2Fwp%2Fv2%2Fcomments&post=200540"}],"version-history":[{"count":0,"href":"https:\/\/archive.sana.sy\/tr\/index.php?rest_route=\/wp\/v2\/posts\/200540\/revisions"}],"wp:featuredmedia":[{"embeddable":true,"href":"https:\/\/archive.sana.sy\/tr\/index.php?rest_route=\/wp\/v2\/media\/200541"}],"wp:attachment":[{"href":"https:\/\/archive.sana.sy\/tr\/index.php?rest_route=%2Fwp%2Fv2%2Fmedia&parent=200540"}],"wp:term":[{"taxonomy":"category","embeddable":true,"href":"https:\/\/archive.sana.sy\/tr\/index.php?rest_route=%2Fwp%2Fv2%2Fcategories&post=200540"},{"taxonomy":"post_tag","embeddable":true,"href":"https:\/\/archive.sana.sy\/tr\/index.php?rest_route=%2Fwp%2Fv2%2Ftags&post=200540"}],"curies":[{"name":"wp","href":"https:\/\/api.w.org\/{rel}","templated":true}]}}