{"id":200551,"date":"2020-01-29T10:27:00","date_gmt":"2020-01-29T08:27:00","guid":{"rendered":"http:\/\/www.sana.sy\/tr\/?p=200551"},"modified":"2020-01-30T09:56:49","modified_gmt":"2020-01-30T07:56:49","slug":"stratejik-onem-sahip-kentin-buyuk-bir-bolumu-kurtarildi-video","status":"publish","type":"post","link":"https:\/\/archive.sana.sy\/tr\/?p=200551","title":{"rendered":"Stratejik \u00d6nem Sahip Kentin B\u00fcy\u00fck Bir B\u00f6l\u00fcm\u00fc Kurtar\u0131ld\u0131 (V\u0130DEO)"},"content":{"rendered":"<p>\u0130DL\u0130B \u2013 Ordu birliklerimiz \u0130dlib \u0130linin g\u00fcneyinde b\u00fcy\u00fck bir stratejik \u00f6neme sahip Muarratunnuman Kentinde d\u0131\u015f g\u00fc\u00e7lere tabi ter\u00f6ristlerle \u015fiddetli \u00e7at\u0131\u015fmalar ard\u0131ndan kentin b\u00fcy\u00fck \u00e7o\u011funlu\u011funu kurtar\u0131p ter\u00f6rden temizledi.<\/p>\n<p>SANA muhabiri \u015fiddetli \u00e7at\u0131\u015fmalarda aralar\u0131nda az\u0131l\u0131 eleba\u015flar\u0131 ve yabanc\u0131lar\u0131n bulundu\u011fu y\u00fcksek say\u0131da ter\u00f6ristin ara\u00e7 ve ekipmanlar\u0131yla birlikte etkisiz hale getirilmeleri ard\u0131ndan vatan koruyucular\u0131m\u0131z\u0131n kentin b\u00fcy\u00fck \u00e7o\u011funlu\u011funu kurtard\u0131klar\u0131n\u0131 aktard\u0131.<\/p>\n<p>Muhabir Nusra Cephesi ve m\u00fcttefikleri di\u011fer ter\u00f6r \u00f6rg\u00fctlerin a\u011f\u0131r kay\u0131plar\u0131 ard\u0131ndan ciddi da\u011f\u0131lmalar ve \u00e7\u00f6k\u00fcnt\u00fcler ya\u015fad\u0131klar\u0131na dikkat \u00e7ekti. Ordu birliklerimizin Muarra Kenti ekseninde ba\u015far\u0131yla ilerlemeye devam ettiklerini ifade eden muhabir; eli kanl\u0131 kiral\u0131k ter\u00f6ristlerden sa\u011f kalanlar\u0131n arkalar\u0131nda \u00e7ok say\u0131da ceset ve farkl\u0131 t\u00fcr silahlar b\u0131rak\u0131p Serakib ve Ariha kentleri ekseninde ka\u00e7\u0131\u015ft\u0131klar\u0131n\u0131 belirtti.<\/p>\n<p>Muhabir ordu birliklerimizin ter\u00f6rden kurtard\u0131klar\u0131 b\u00f6lgelerde geni\u015f \u00e7apl\u0131 arama tarama operasyonlar\u0131nda bulunduklar\u0131n\u0131 ifade ederken, eli kanl\u0131 \u00e7etelerin \u00f6zel ve kamu m\u00fclklere yerle\u015ftirdikleri bomba d\u00fczeneklerini etkisizle\u015ftirmeye ba\u015flad\u0131klar\u0131n\u0131 s\u00f6yledi.<\/p>\n<p><iframe loading=\"lazy\" src=\"https:\/\/www.youtube.com\/embed\/2ejd0chyEj4\" width=\"620\" height=\"348\" frameborder=\"0\" allowfullscreen=\"allowfullscreen\"><\/iframe><\/p>\n<div id='gallery-1' class='gallery galleryid-200551 gallery-columns-1 gallery-size-full'><figure class='gallery-item'>\n\t\t\t<div class='gallery-icon landscape'>\n\t\t\t\t<a href='https:\/\/archive.sana.sy\/tr\/wp-content\/uploads\/2020\/01\/2-305.jpg'><img loading=\"lazy\" decoding=\"async\" width=\"660\" height=\"370\" src=\"https:\/\/archive.sana.sy\/tr\/wp-content\/uploads\/2020\/01\/2-305.jpg\" class=\"attachment-full size-full\" alt=\"\" srcset=\"https:\/\/archive.sana.sy\/tr\/wp-content\/uploads\/2020\/01\/2-305.jpg 660w, https:\/\/archive.sana.sy\/tr\/wp-content\/uploads\/2020\/01\/2-305-300x168.jpg 300w, https:\/\/archive.sana.sy\/tr\/wp-content\/uploads\/2020\/01\/2-305-150x84.jpg 150w\" sizes=\"auto, (max-width: 660px) 100vw, 660px\" \/><\/a>\n\t\t\t<\/div><\/figure><figure class='gallery-item'>\n\t\t\t<div class='gallery-icon landscape'>\n\t\t\t\t<a href='https:\/\/archive.sana.sy\/tr\/wp-content\/uploads\/2020\/01\/3-261.jpg'><img loading=\"lazy\" decoding=\"async\" width=\"660\" height=\"370\" src=\"https:\/\/archive.sana.sy\/tr\/wp-content\/uploads\/2020\/01\/3-261.jpg\" class=\"attachment-full size-full\" alt=\"\" srcset=\"https:\/\/archive.sana.sy\/tr\/wp-content\/uploads\/2020\/01\/3-261.jpg 660w, https:\/\/archive.sana.sy\/tr\/wp-content\/uploads\/2020\/01\/3-261-300x168.jpg 300w, https:\/\/archive.sana.sy\/tr\/wp-content\/uploads\/2020\/01\/3-261-150x84.jpg 150w\" sizes=\"auto, (max-width: 660px) 100vw, 660px\" \/><\/a>\n\t\t\t<\/div><\/figure>\n\t\t<\/div>\n\n","protected":false},"excerpt":{"rendered":"<p>\u0130DL\u0130B \u2013 Ordu birliklerimiz \u0130dlib \u0130linin g\u00fcneyinde b\u00fcy\u00fck bir stratejik \u00f6neme sahip Muarratunnuman Kentinde d\u0131\u015f g\u00fc\u00e7lere tabi ter\u00f6ristlerle \u015fiddetli \u00e7at\u0131\u015fmalar ard\u0131ndan kentin b\u00fcy\u00fck \u00e7o\u011funlu\u011funu kurtar\u0131p ter\u00f6rden temizledi. SANA muhabiri \u015fiddetli \u00e7at\u0131\u015fmalarda aralar\u0131nda az\u0131l\u0131 eleba\u015flar\u0131 ve yabanc\u0131lar\u0131n bulundu\u011fu y\u00fcksek say\u0131da ter\u00f6ristin ara\u00e7 ve ekipmanlar\u0131yla birlikte etkisiz hale getirilmeleri ard\u0131ndan vatan koruyucular\u0131m\u0131z\u0131n kentin b\u00fcy\u00fck \u00e7o\u011funlu\u011funu kurtard\u0131klar\u0131n\u0131 aktard\u0131. &hellip;<\/p>\n","protected":false},"author":1,"featured_media":200552,"comment_status":"closed","ping_status":"closed","sticky":false,"template":"","format":"standard","meta":{"footnotes":""},"categories":[479,575,17988,478],"tags":[],"class_list":["post-200551","post","type-post","status-publish","format-standard","has-post-thumbnail","","category-haberler-yerel","category-olaylar-ve-gercekler","category-son-haberler","category-yerel"],"_links":{"self":[{"href":"https:\/\/archive.sana.sy\/tr\/index.php?rest_route=\/wp\/v2\/posts\/200551","targetHints":{"allow":["GET"]}}],"collection":[{"href":"https:\/\/archive.sana.sy\/tr\/index.php?rest_route=\/wp\/v2\/posts"}],"about":[{"href":"https:\/\/archive.sana.sy\/tr\/index.php?rest_route=\/wp\/v2\/types\/post"}],"author":[{"embeddable":true,"href":"https:\/\/archive.sana.sy\/tr\/index.php?rest_route=\/wp\/v2\/users\/1"}],"replies":[{"embeddable":true,"href":"https:\/\/archive.sana.sy\/tr\/index.php?rest_route=%2Fwp%2Fv2%2Fcomments&post=200551"}],"version-history":[{"count":0,"href":"https:\/\/archive.sana.sy\/tr\/index.php?rest_route=\/wp\/v2\/posts\/200551\/revisions"}],"wp:featuredmedia":[{"embeddable":true,"href":"https:\/\/archive.sana.sy\/tr\/index.php?rest_route=\/wp\/v2\/media\/200552"}],"wp:attachment":[{"href":"https:\/\/archive.sana.sy\/tr\/index.php?rest_route=%2Fwp%2Fv2%2Fmedia&parent=200551"}],"wp:term":[{"taxonomy":"category","embeddable":true,"href":"https:\/\/archive.sana.sy\/tr\/index.php?rest_route=%2Fwp%2Fv2%2Fcategories&post=200551"},{"taxonomy":"post_tag","embeddable":true,"href":"https:\/\/archive.sana.sy\/tr\/index.php?rest_route=%2Fwp%2Fv2%2Ftags&post=200551"}],"curies":[{"name":"wp","href":"https:\/\/api.w.org\/{rel}","templated":true}]}}