{"id":200559,"date":"2020-01-29T10:26:03","date_gmt":"2020-01-29T08:26:03","guid":{"rendered":"http:\/\/www.sana.sy\/tr\/?p=200559"},"modified":"2020-01-30T09:56:43","modified_gmt":"2020-01-30T07:56:43","slug":"cocuklarin-rehabilitasyonunu-amacliyor","status":"publish","type":"post","link":"https:\/\/archive.sana.sy\/tr\/?p=200559","title":{"rendered":"\u00c7ocuklar\u0131n Rehabilitasyonunu Ama\u00e7l\u0131yor"},"content":{"rendered":"<p>\u015eAM \u2013 Suriye ve halk\u0131na y\u00f6nelik muhtelif y\u00f6nl\u00fc sava\u015fta \u00e7ocuklar\u0131n g\u00f6rd\u00fckleri farkl\u0131 t\u00fcr hasarlar\u0131n etkisini azaltma ve bu \u00e7ocuklar\u0131n rehabilitasyonu amac\u0131yla K\u00fclt\u00fcr Bakanl\u0131\u011f\u0131n\u0131n ba\u015flatt\u0131\u011f\u0131 \u201cHayat Yetenekleri\u201d program\u0131 ba\u015fkent \u015eam\u2019da s\u0131\u0131rl\u0131 kalmay\u0131p farkl\u0131 illere ve b\u00f6lgelere de yay\u0131ld\u0131.<\/p>\n<p>Program konusunda SANA\u2019ya konu\u015fan \u00fcnl\u00fc edebiyat\u00e7\u0131 ve gazeteci Nehla el Susu Suriye ve halk\u0131na y\u00f6nelik sava\u015f\u0131n ilk s\u00fcre\u00e7lerinde d\u0131\u015f g\u00fc\u00e7ler taraf\u0131ndan \u201c\u0131l\u0131ml\u0131 muhalifler\u201d ad\u0131 verilen eli kanl\u0131 ter\u00f6ristlerin \u201c Ders Yok Okul Yok\u201d slogan\u0131n\u0131 \u00f6ne s\u00fcrerek \u00e7ocuklar\u0131 hedef ald\u0131klar\u0131na dikkat \u00e7ekti.<\/p>\n<p>Susu ter\u00f6ristlerin i\u015fverenleri d\u0131\u015f g\u00fc\u00e7lerin talimat, destek ve y\u00f6nlendirmeleriyle \u00e7ocuklar\u0131 da farkl\u0131 \u015fekillerde hedef ald\u0131klar\u0131na vurgu yaparken, bu \u00e7ocuklar\u0131n rehabilitasyonunun ka\u00e7\u0131n\u0131lmaz bir hal ald\u0131\u011f\u0131n\u0131 s\u00f6yledi.<\/p>\n<p>\u00c7ocuklar\u0131n sava\u015f s\u00fcresince ailelerinin evlerinden tehcir edilmeleri, sald\u0131r\u0131lara maruz kalmalar\u0131, ter\u00f6r eylemlerinde kullan\u0131lmalar\u0131, okullar\u0131ndan menedilmeleri, \u015fiddete maruz kalmalar\u0131, yapt\u0131r\u0131mlar ve abluka nedeniyle maruz kald\u0131klar\u0131 durumlar\u0131n etkilerini yok etme ama\u00e7l\u0131 ulusal programlara dikkat \u00e7eken Susu bu program\u0131n bu t\u00fcr \u00e7ok say\u0131da programlardan biri oldu\u011funu ifade etti.<\/p>\n<p>Susu K\u00fclt\u00fcr Bakanl\u0131nda \u00c7ocuk Programlar\u0131 Dairesinin organizasyonunda \u00fcr\u00fct\u00fclen program\u0131n sadece ba\u015fkentte de\u011fil, farkl\u0131 illerde ve b\u00f6lgelerde olduk\u00e7a \u00f6nemli \u00e7al\u0131\u015fmalarda bulundu\u011funa dikkat \u00e7ekti.<\/p>\n<div id='gallery-1' class='gallery galleryid-200559 gallery-columns-1 gallery-size-full'><figure class='gallery-item'>\n\t\t\t<div class='gallery-icon landscape'>\n\t\t\t\t<a href='https:\/\/archive.sana.sy\/tr\/wp-content\/uploads\/2020\/01\/06-3.jpg'><img loading=\"lazy\" decoding=\"async\" width=\"660\" height=\"462\" src=\"https:\/\/archive.sana.sy\/tr\/wp-content\/uploads\/2020\/01\/06-3.jpg\" class=\"attachment-full size-full\" alt=\"\" srcset=\"https:\/\/archive.sana.sy\/tr\/wp-content\/uploads\/2020\/01\/06-3.jpg 660w, https:\/\/archive.sana.sy\/tr\/wp-content\/uploads\/2020\/01\/06-3-300x210.jpg 300w, https:\/\/archive.sana.sy\/tr\/wp-content\/uploads\/2020\/01\/06-3-150x105.jpg 150w\" sizes=\"auto, (max-width: 660px) 100vw, 660px\" \/><\/a>\n\t\t\t<\/div><\/figure>\n\t\t<\/div>\n\n","protected":false},"excerpt":{"rendered":"<p>\u015eAM \u2013 Suriye ve halk\u0131na y\u00f6nelik muhtelif y\u00f6nl\u00fc sava\u015fta \u00e7ocuklar\u0131n g\u00f6rd\u00fckleri farkl\u0131 t\u00fcr hasarlar\u0131n etkisini azaltma ve bu \u00e7ocuklar\u0131n rehabilitasyonu amac\u0131yla K\u00fclt\u00fcr Bakanl\u0131\u011f\u0131n\u0131n ba\u015flatt\u0131\u011f\u0131 \u201cHayat Yetenekleri\u201d program\u0131 ba\u015fkent \u015eam\u2019da s\u0131\u0131rl\u0131 kalmay\u0131p farkl\u0131 illere ve b\u00f6lgelere de yay\u0131ld\u0131. Program konusunda SANA\u2019ya konu\u015fan \u00fcnl\u00fc edebiyat\u00e7\u0131 ve gazeteci Nehla el Susu Suriye ve halk\u0131na y\u00f6nelik sava\u015f\u0131n ilk s\u00fcre\u00e7lerinde &hellip;<\/p>\n","protected":false},"author":1,"featured_media":200560,"comment_status":"closed","ping_status":"closed","sticky":false,"template":"","format":"standard","meta":{"footnotes":""},"categories":[516,511,17988],"tags":[],"class_list":["post-200559","post","type-post","status-publish","format-standard","has-post-thumbnail","","category-haberler-kultur-ve-sanat","category-kultur-ve-sanat","category-son-haberler"],"_links":{"self":[{"href":"https:\/\/archive.sana.sy\/tr\/index.php?rest_route=\/wp\/v2\/posts\/200559","targetHints":{"allow":["GET"]}}],"collection":[{"href":"https:\/\/archive.sana.sy\/tr\/index.php?rest_route=\/wp\/v2\/posts"}],"about":[{"href":"https:\/\/archive.sana.sy\/tr\/index.php?rest_route=\/wp\/v2\/types\/post"}],"author":[{"embeddable":true,"href":"https:\/\/archive.sana.sy\/tr\/index.php?rest_route=\/wp\/v2\/users\/1"}],"replies":[{"embeddable":true,"href":"https:\/\/archive.sana.sy\/tr\/index.php?rest_route=%2Fwp%2Fv2%2Fcomments&post=200559"}],"version-history":[{"count":0,"href":"https:\/\/archive.sana.sy\/tr\/index.php?rest_route=\/wp\/v2\/posts\/200559\/revisions"}],"wp:featuredmedia":[{"embeddable":true,"href":"https:\/\/archive.sana.sy\/tr\/index.php?rest_route=\/wp\/v2\/media\/200560"}],"wp:attachment":[{"href":"https:\/\/archive.sana.sy\/tr\/index.php?rest_route=%2Fwp%2Fv2%2Fmedia&parent=200559"}],"wp:term":[{"taxonomy":"category","embeddable":true,"href":"https:\/\/archive.sana.sy\/tr\/index.php?rest_route=%2Fwp%2Fv2%2Fcategories&post=200559"},{"taxonomy":"post_tag","embeddable":true,"href":"https:\/\/archive.sana.sy\/tr\/index.php?rest_route=%2Fwp%2Fv2%2Ftags&post=200559"}],"curies":[{"name":"wp","href":"https:\/\/api.w.org\/{rel}","templated":true}]}}