{"id":200661,"date":"2020-01-30T13:09:18","date_gmt":"2020-01-30T11:09:18","guid":{"rendered":"http:\/\/www.sana.sy\/tr\/?p=200661"},"modified":"2020-01-31T14:47:29","modified_gmt":"2020-01-31T12:47:29","slug":"idlibin-guneyinde-bulunan-maardebse-ve-han-el-subbul-beldeleri-de-kurtarildi","status":"publish","type":"post","link":"https:\/\/archive.sana.sy\/tr\/?p=200661","title":{"rendered":"\u0130dlib&#8217;in G\u00fcneyinde Bulunan Maardebse ve Han el Subbul Beldeleri De Kurtar\u0131ld\u0131"},"content":{"rendered":"<p>\u0130DL\u0130B \u2013 Ordu birliklerimiz \u0130dlib k\u0131rsal\u0131n\u0131n g\u00fcneyi ve g\u00fcneydo\u011fusunda ter\u00f6re kar\u015f\u0131 yo\u011fun operasyonlar\u0131n\u0131 s\u00fcrd\u00fcrerek daha fazla belde ve k\u00f6yleri kurtard\u0131.<\/p>\n<p>SANA muhabiri; ordu birliklerimizin, Maaret el Numan Kentinden ka\u00e7an ter\u00f6r kal\u0131nt\u0131lar\u0131n\u0131 takip edip Maardebse ve Han el Subbul beldelerindeki ter\u00f6r mevkilerini yo\u011fun top ve f\u00fcze ate\u015fiyle etkisiz hale getirdiklerini belirtti.<\/p>\n<p>Muhabir; Maardebse ve Han el Subbul beldelerinde ordu birliklerimizin ve ter\u00f6r kal\u0131nt\u0131lar\u0131 aras\u0131nda yer alan \u00e7at\u0131\u015fmalar sonucunda bahsedilen beldelerin ter\u00f6r gruplar\u0131ndan kurtar\u0131ld\u0131\u011f\u0131na i\u015faret etti.<\/p>\n<p>Muhabir; kurtar\u0131lan Maardebse ve Han el Subbul beldelerinde ordu birliklerimiz taraf\u0131ndan yap\u0131lan arama tarama operasyonlar\u0131nda ter\u00f6r gruplar\u0131ndan kalma bir\u00e7ok t\u00fcnel ve cephane depolar\u0131n\u0131n ele ge\u00e7irildi\u011fine dikkat \u00e7ekti.<\/p>\n<p>\u00c7eviri: P.M.<\/p>\n","protected":false},"excerpt":{"rendered":"<p>\u0130DL\u0130B \u2013 Ordu birliklerimiz \u0130dlib k\u0131rsal\u0131n\u0131n g\u00fcneyi ve g\u00fcneydo\u011fusunda ter\u00f6re kar\u015f\u0131 yo\u011fun operasyonlar\u0131n\u0131 s\u00fcrd\u00fcrerek daha fazla belde ve k\u00f6yleri kurtard\u0131. SANA muhabiri; ordu birliklerimizin, Maaret el Numan Kentinden ka\u00e7an ter\u00f6r kal\u0131nt\u0131lar\u0131n\u0131 takip edip Maardebse ve Han el Subbul beldelerindeki ter\u00f6r mevkilerini yo\u011fun top ve f\u00fcze ate\u015fiyle etkisiz hale getirdiklerini belirtti. Muhabir; Maardebse ve Han el &hellip;<\/p>\n","protected":false},"author":1,"featured_media":200662,"comment_status":"closed","ping_status":"closed","sticky":false,"template":"","format":"standard","meta":{"footnotes":""},"categories":[479,575,17988,478],"tags":[],"class_list":["post-200661","post","type-post","status-publish","format-standard","has-post-thumbnail","","category-haberler-yerel","category-olaylar-ve-gercekler","category-son-haberler","category-yerel"],"_links":{"self":[{"href":"https:\/\/archive.sana.sy\/tr\/index.php?rest_route=\/wp\/v2\/posts\/200661","targetHints":{"allow":["GET"]}}],"collection":[{"href":"https:\/\/archive.sana.sy\/tr\/index.php?rest_route=\/wp\/v2\/posts"}],"about":[{"href":"https:\/\/archive.sana.sy\/tr\/index.php?rest_route=\/wp\/v2\/types\/post"}],"author":[{"embeddable":true,"href":"https:\/\/archive.sana.sy\/tr\/index.php?rest_route=\/wp\/v2\/users\/1"}],"replies":[{"embeddable":true,"href":"https:\/\/archive.sana.sy\/tr\/index.php?rest_route=%2Fwp%2Fv2%2Fcomments&post=200661"}],"version-history":[{"count":0,"href":"https:\/\/archive.sana.sy\/tr\/index.php?rest_route=\/wp\/v2\/posts\/200661\/revisions"}],"wp:featuredmedia":[{"embeddable":true,"href":"https:\/\/archive.sana.sy\/tr\/index.php?rest_route=\/wp\/v2\/media\/200662"}],"wp:attachment":[{"href":"https:\/\/archive.sana.sy\/tr\/index.php?rest_route=%2Fwp%2Fv2%2Fmedia&parent=200661"}],"wp:term":[{"taxonomy":"category","embeddable":true,"href":"https:\/\/archive.sana.sy\/tr\/index.php?rest_route=%2Fwp%2Fv2%2Fcategories&post=200661"},{"taxonomy":"post_tag","embeddable":true,"href":"https:\/\/archive.sana.sy\/tr\/index.php?rest_route=%2Fwp%2Fv2%2Ftags&post=200661"}],"curies":[{"name":"wp","href":"https:\/\/api.w.org\/{rel}","templated":true}]}}