{"id":200749,"date":"2020-01-31T13:10:13","date_gmt":"2020-01-31T11:10:13","guid":{"rendered":"http:\/\/www.sana.sy\/tr\/?p=200749"},"modified":"2020-02-01T10:03:38","modified_gmt":"2020-02-01T08:03:38","slug":"zaharova-astana-formulu-ve-suci-anlasmasi-kapsaminda-suriye-krizinin-cozumune-bagliyiz","status":"publish","type":"post","link":"https:\/\/archive.sana.sy\/tr\/?p=200749","title":{"rendered":"Zaharova, Astana Formul\u00fc ve Su\u00e7i Anla\u015fmas\u0131 Kapsam\u0131nda Suriye Krizinin \u00c7\u00f6z\u00fcm\u00fcne Ba\u011fl\u0131y\u0131z"},"content":{"rendered":"<p>MOSKOVA &#8211; Rusya, Astana g\u00f6r\u00fc\u015fmeleri ve Su\u00e7i anla\u015fmas\u0131 kapsam\u0131nda Suriye\u2019deki krizin \u00e7\u00f6z\u00fcm\u00fc hakk\u0131ndaki taahh\u00fctlerine ba\u011fl\u0131 oldu\u011funu yineledi.<\/p>\n<p>Sputnik Ajans\u0131, Rus D\u0131\u015fi\u015fleri s\u00f6zc\u00fcs\u00fc Mariya Zaharova\u2019n\u0131n gazetecilere verdi\u011fi demecinde; T\u00fcrk Rejim ba\u015fkan\u0131 Recep Tayyip Erdo\u011fan\u2019\u0131n \u0130ddialar\u0131na cevab\u0131n\u0131 aktard\u0131.<\/p>\n<p>Erdo\u011fan, Rusya\u2019n\u0131n Astana g\u00f6r\u00fc\u015fmeleri ve Su\u00e7i anla\u015fmas\u0131 kapsam\u0131nda Suriye\u2019deki krizin \u00e7\u00f6z\u00fcm\u00fc hakk\u0131ndaki taahh\u00fctlerine ba\u011fl\u0131 kalmad\u0131\u011f\u0131n\u0131 iddia etmi\u015fti.<\/p>\n<p>Kumeyt Yusuf<\/p>\n","protected":false},"excerpt":{"rendered":"<p>MOSKOVA &#8211; Rusya, Astana g\u00f6r\u00fc\u015fmeleri ve Su\u00e7i anla\u015fmas\u0131 kapsam\u0131nda Suriye\u2019deki krizin \u00e7\u00f6z\u00fcm\u00fc hakk\u0131ndaki taahh\u00fctlerine ba\u011fl\u0131 oldu\u011funu yineledi. Sputnik Ajans\u0131, Rus D\u0131\u015fi\u015fleri s\u00f6zc\u00fcs\u00fc Mariya Zaharova\u2019n\u0131n gazetecilere verdi\u011fi demecinde; T\u00fcrk Rejim ba\u015fkan\u0131 Recep Tayyip Erdo\u011fan\u2019\u0131n \u0130ddialar\u0131na cevab\u0131n\u0131 aktard\u0131. Erdo\u011fan, Rusya\u2019n\u0131n Astana g\u00f6r\u00fc\u015fmeleri ve Su\u00e7i anla\u015fmas\u0131 kapsam\u0131nda Suriye\u2019deki krizin \u00e7\u00f6z\u00fcm\u00fc hakk\u0131ndaki taahh\u00fctlerine ba\u011fl\u0131 kalmad\u0131\u011f\u0131n\u0131 iddia etmi\u015fti. Kumeyt Yusuf<\/p>\n","protected":false},"author":1,"featured_media":200750,"comment_status":"closed","ping_status":"closed","sticky":false,"template":"","format":"standard","meta":{"footnotes":""},"categories":[458,459,17988],"tags":[],"class_list":["post-200749","post","type-post","status-publish","format-standard","has-post-thumbnail","","category-dunya1","category-haberler-arap-uluslararasi-politika","category-son-haberler"],"_links":{"self":[{"href":"https:\/\/archive.sana.sy\/tr\/index.php?rest_route=\/wp\/v2\/posts\/200749","targetHints":{"allow":["GET"]}}],"collection":[{"href":"https:\/\/archive.sana.sy\/tr\/index.php?rest_route=\/wp\/v2\/posts"}],"about":[{"href":"https:\/\/archive.sana.sy\/tr\/index.php?rest_route=\/wp\/v2\/types\/post"}],"author":[{"embeddable":true,"href":"https:\/\/archive.sana.sy\/tr\/index.php?rest_route=\/wp\/v2\/users\/1"}],"replies":[{"embeddable":true,"href":"https:\/\/archive.sana.sy\/tr\/index.php?rest_route=%2Fwp%2Fv2%2Fcomments&post=200749"}],"version-history":[{"count":0,"href":"https:\/\/archive.sana.sy\/tr\/index.php?rest_route=\/wp\/v2\/posts\/200749\/revisions"}],"wp:featuredmedia":[{"embeddable":true,"href":"https:\/\/archive.sana.sy\/tr\/index.php?rest_route=\/wp\/v2\/media\/200750"}],"wp:attachment":[{"href":"https:\/\/archive.sana.sy\/tr\/index.php?rest_route=%2Fwp%2Fv2%2Fmedia&parent=200749"}],"wp:term":[{"taxonomy":"category","embeddable":true,"href":"https:\/\/archive.sana.sy\/tr\/index.php?rest_route=%2Fwp%2Fv2%2Fcategories&post=200749"},{"taxonomy":"post_tag","embeddable":true,"href":"https:\/\/archive.sana.sy\/tr\/index.php?rest_route=%2Fwp%2Fv2%2Ftags&post=200749"}],"curies":[{"name":"wp","href":"https:\/\/api.w.org\/{rel}","templated":true}]}}