{"id":200830,"date":"2020-02-01T13:16:13","date_gmt":"2020-02-01T11:16:13","guid":{"rendered":"http:\/\/www.sana.sy\/tr\/?p=200830"},"modified":"2020-02-22T14:40:37","modified_gmt":"2020-02-22T12:40:37","slug":"turk-isgali-ve-kiraliklari-haseke-kirsali-abu-raseyn-bolgesine-fuzelerle-saldirdi","status":"publish","type":"post","link":"https:\/\/archive.sana.sy\/tr\/?p=200830","title":{"rendered":"T\u00fcrk \u0130\u015fgali ve Kiral\u0131klar\u0131 Haseke K\u0131rsal\u0131ndaki Ebu Rasin B\u00f6lgesini F\u00fczelerle Sald\u0131rd\u0131"},"content":{"rendered":"<p>HASEKE \u2013 \u0130\u015fgalci T\u00fcrk kuvvetleri ve onlara ba\u011fl\u0131 ter\u00f6r gruplar\u0131ndan kiral\u0131klar\u0131 Haseke kuzeydo\u011fu k\u0131rsal\u0131ndaki Ebu Rasin B\u00f6lgesini roketli f\u00fcze ve havanlarla sald\u0131rd\u0131.<\/p>\n<p>SANA&#8217;n\u0131n Haseke muhabiri; \u0130\u015fgalci T\u00fcrk kuvvetleri ve onlara ba\u011fl\u0131 ter\u00f6rist kiral\u0131klar\u0131n\u0131n Haseke&#8217;nin kuzeydo\u011fu k\u0131rsal\u0131ndaki Ebu Rasin Beldesinin g\u00fcneyinde yer alan Tel el Verd, Rbey&#8217;at ve Arap Han K\u00f6ylerini bir ka\u00e7 roketli f\u00fcze ve havanlarla d\u00fczenledikleri sald\u0131rmalar\u0131 sonucunda vatanda\u015flar\u0131n evlerinde b\u00fcy\u00fck maddi hasarlar\u0131n\u00a0 meydana geldi\u011fini s\u00f6yledi.<\/p>\n<p>\u00d6te yandan muhabir, Amerikan i\u015fgal kuvvetlerinin, d\u00fcn me\u015fru olmayan yollarla Suriye topraklar\u0131nda Kam\u0131\u015fl\u0131 \u0130li do\u011fusundaki Himo K\u00f6y\u00fcndeki me\u015fru olmayan \u00fcss\u00fcne lojistik destek ge\u00e7irdiklerine i\u015faret etti<\/p>\n","protected":false},"excerpt":{"rendered":"<p>HASEKE \u2013 \u0130\u015fgalci T\u00fcrk kuvvetleri ve onlara ba\u011fl\u0131 ter\u00f6r gruplar\u0131ndan kiral\u0131klar\u0131 Haseke kuzeydo\u011fu k\u0131rsal\u0131ndaki Ebu Rasin B\u00f6lgesini roketli f\u00fcze ve havanlarla sald\u0131rd\u0131. SANA&#8217;n\u0131n Haseke muhabiri; \u0130\u015fgalci T\u00fcrk kuvvetleri ve onlara ba\u011fl\u0131 ter\u00f6rist kiral\u0131klar\u0131n\u0131n Haseke&#8217;nin kuzeydo\u011fu k\u0131rsal\u0131ndaki Ebu Rasin Beldesinin g\u00fcneyinde yer alan Tel el Verd, Rbey&#8217;at ve Arap Han K\u00f6ylerini bir ka\u00e7 roketli f\u00fcze ve &hellip;<\/p>\n","protected":false},"author":1,"featured_media":200831,"comment_status":"closed","ping_status":"closed","sticky":false,"template":"","format":"standard","meta":{"footnotes":""},"categories":[479,575,17988,2554,2555,478],"tags":[],"class_list":["post-200830","post","type-post","status-publish","format-standard","has-post-thumbnail","","category-haberler-yerel","category-olaylar-ve-gercekler","category-son-haberler","category-suriye-ve-dunya","category-suriye-ve-turkiye","category-yerel"],"_links":{"self":[{"href":"https:\/\/archive.sana.sy\/tr\/index.php?rest_route=\/wp\/v2\/posts\/200830","targetHints":{"allow":["GET"]}}],"collection":[{"href":"https:\/\/archive.sana.sy\/tr\/index.php?rest_route=\/wp\/v2\/posts"}],"about":[{"href":"https:\/\/archive.sana.sy\/tr\/index.php?rest_route=\/wp\/v2\/types\/post"}],"author":[{"embeddable":true,"href":"https:\/\/archive.sana.sy\/tr\/index.php?rest_route=\/wp\/v2\/users\/1"}],"replies":[{"embeddable":true,"href":"https:\/\/archive.sana.sy\/tr\/index.php?rest_route=%2Fwp%2Fv2%2Fcomments&post=200830"}],"version-history":[{"count":0,"href":"https:\/\/archive.sana.sy\/tr\/index.php?rest_route=\/wp\/v2\/posts\/200830\/revisions"}],"wp:featuredmedia":[{"embeddable":true,"href":"https:\/\/archive.sana.sy\/tr\/index.php?rest_route=\/wp\/v2\/media\/200831"}],"wp:attachment":[{"href":"https:\/\/archive.sana.sy\/tr\/index.php?rest_route=%2Fwp%2Fv2%2Fmedia&parent=200830"}],"wp:term":[{"taxonomy":"category","embeddable":true,"href":"https:\/\/archive.sana.sy\/tr\/index.php?rest_route=%2Fwp%2Fv2%2Fcategories&post=200830"},{"taxonomy":"post_tag","embeddable":true,"href":"https:\/\/archive.sana.sy\/tr\/index.php?rest_route=%2Fwp%2Fv2%2Ftags&post=200830"}],"curies":[{"name":"wp","href":"https:\/\/api.w.org\/{rel}","templated":true}]}}