{"id":200889,"date":"2020-02-01T20:39:49","date_gmt":"2020-02-01T18:39:49","guid":{"rendered":"http:\/\/www.sana.sy\/tr\/?p=200889"},"modified":"2020-02-03T10:13:07","modified_gmt":"2020-02-03T08:13:07","slug":"golan-ahalisi-israilin-hava-turbini-planina-karsi-yarin-genel-grev-ilan-ediyor","status":"publish","type":"post","link":"https:\/\/archive.sana.sy\/tr\/?p=200889","title":{"rendered":"Golan Ahalisi \u0130srail&#8217;in Hava T\u00fcrbini Plan\u0131na Kar\u015f\u0131 Yar\u0131n Genel Grev \u0130lan Ediyor"},"content":{"rendered":"<p>KUNAYTRA &#8211; \u0130\u015fgal edilen Golan ahalisi, siyonist yerle\u015fme plan\u0131n\u0131 reddetti\u011fini yineleyerek, Siyonistlerin tar\u0131m arazilerine el koyup r\u00fczgar t\u00fcrbinleri kurmas\u0131n\u0131 \u015fiddetle k\u0131nad\u0131.<\/p>\n<p>Golan\u2019daki ahalimiz, Mecdel \u015eems beldesinde d\u00fczenledikleri toplant\u0131dan sonra yay\u0131nalad\u0131kalar\u0131 beyanda, r\u00fczgar t\u00fcrbini karar\u0131n\u0131n Golanl\u0131lar hakk\u0131nda zalim bir karar oldu\u011funu, atalar\u0131ndan kalma arazilerini talan edip onlar\u0131 g\u00f6\u00e7 ettirme ama\u00e7l\u0131 oldu\u011funu belirterek atalar\u0131n\u0131n miras\u0131 ve Suriye kimli\u011fine s\u0131ms\u0131k\u0131 tutunduklar\u0131n\u0131 vurgulad\u0131lar.<\/p>\n<p>Golanl\u0131lar, yar\u0131ndan itibaren b\u00fct\u00fcn toplum ve hayat alanlar\u0131n\u0131 kapsayacak genel bir grev ba\u015flatacaklar\u0131n\u0131 ilan etti.<\/p>\n<p>Golanl\u0131lar, i\u015fgal h\u00fck\u00fcmetini bu plan\u0131n yerine getirilmesi tehlikesinden uyararak s\u00f6zkonusu karar\u0131 engellemek i\u00e7in ellerinden geleni yapacaklar\u0131n\u0131 vurgulad\u0131.<\/p>\n<p>\u0130\u015fgal varl\u0131\u011f\u0131n\u0131n r\u00fczgar enerjisiyle elektrik \u00fcretim bahanesiyle ge\u00e7i\u015ftirmeye \u00e7al\u0131\u015ft\u0131\u011f\u0131 hava t\u00fcrbini olarak bilinen plan\u0131, yakla\u015f\u0131k 52 adet dev hava t\u00fcrbininin kurulmas\u0131 ile i\u015fgal edilen Golanl\u0131 vatanda\u015flar\u0131m\u0131z\u0131n topraklar\u0131ndan yakla\u015f\u0131k 600 d\u00f6n\u00fcml\u00fck araziye el koyma ve evlerinden tehcir etmektir.<\/p>\n","protected":false},"excerpt":{"rendered":"<p>KUNAYTRA &#8211; \u0130\u015fgal edilen Golan ahalisi, siyonist yerle\u015fme plan\u0131n\u0131 reddetti\u011fini yineleyerek, Siyonistlerin tar\u0131m arazilerine el koyup r\u00fczgar t\u00fcrbinleri kurmas\u0131n\u0131 \u015fiddetle k\u0131nad\u0131. Golan\u2019daki ahalimiz, Mecdel \u015eems beldesinde d\u00fczenledikleri toplant\u0131dan sonra yay\u0131nalad\u0131kalar\u0131 beyanda, r\u00fczgar t\u00fcrbini karar\u0131n\u0131n Golanl\u0131lar hakk\u0131nda zalim bir karar oldu\u011funu, atalar\u0131ndan kalma arazilerini talan edip onlar\u0131 g\u00f6\u00e7 ettirme ama\u00e7l\u0131 oldu\u011funu belirterek atalar\u0131n\u0131n miras\u0131 ve Suriye &hellip;<\/p>\n","protected":false},"author":1,"featured_media":200890,"comment_status":"closed","ping_status":"closed","sticky":false,"template":"","format":"standard","meta":{"footnotes":""},"categories":[479,17988,478],"tags":[],"class_list":["post-200889","post","type-post","status-publish","format-standard","has-post-thumbnail","","category-haberler-yerel","category-son-haberler","category-yerel"],"_links":{"self":[{"href":"https:\/\/archive.sana.sy\/tr\/index.php?rest_route=\/wp\/v2\/posts\/200889","targetHints":{"allow":["GET"]}}],"collection":[{"href":"https:\/\/archive.sana.sy\/tr\/index.php?rest_route=\/wp\/v2\/posts"}],"about":[{"href":"https:\/\/archive.sana.sy\/tr\/index.php?rest_route=\/wp\/v2\/types\/post"}],"author":[{"embeddable":true,"href":"https:\/\/archive.sana.sy\/tr\/index.php?rest_route=\/wp\/v2\/users\/1"}],"replies":[{"embeddable":true,"href":"https:\/\/archive.sana.sy\/tr\/index.php?rest_route=%2Fwp%2Fv2%2Fcomments&post=200889"}],"version-history":[{"count":0,"href":"https:\/\/archive.sana.sy\/tr\/index.php?rest_route=\/wp\/v2\/posts\/200889\/revisions"}],"wp:featuredmedia":[{"embeddable":true,"href":"https:\/\/archive.sana.sy\/tr\/index.php?rest_route=\/wp\/v2\/media\/200890"}],"wp:attachment":[{"href":"https:\/\/archive.sana.sy\/tr\/index.php?rest_route=%2Fwp%2Fv2%2Fmedia&parent=200889"}],"wp:term":[{"taxonomy":"category","embeddable":true,"href":"https:\/\/archive.sana.sy\/tr\/index.php?rest_route=%2Fwp%2Fv2%2Fcategories&post=200889"},{"taxonomy":"post_tag","embeddable":true,"href":"https:\/\/archive.sana.sy\/tr\/index.php?rest_route=%2Fwp%2Fv2%2Ftags&post=200889"}],"curies":[{"name":"wp","href":"https:\/\/api.w.org\/{rel}","templated":true}]}}