{"id":20098,"date":"2015-01-08T15:32:36","date_gmt":"2015-01-08T13:32:36","guid":{"rendered":"http:\/\/www.sana.sy\/tr\/?p=20098"},"modified":"2015-01-09T19:06:37","modified_gmt":"2015-01-09T17:06:37","slug":"suriye-pariste-charlie-hebdo-gazetesini-hedef-alan-teror-saldirisini-siddetle-kinadi","status":"publish","type":"post","link":"https:\/\/archive.sana.sy\/tr\/?p=20098","title":{"rendered":"Suriye Paris\u2019te Charlie Hebdo Gazetesini Hedef Alan Ter\u00f6r Sald\u0131r\u0131s\u0131n\u0131 \u015eiddetle K\u0131nad\u0131"},"content":{"rendered":"<p>\u015eAM \u2013 Suriye, Paris\u2019te Charlie Hebdo Gazetesini hedef alan ve bir\u00e7ok ki\u015finin kurban gitti\u011fi ter\u00f6r sald\u0131r\u0131s\u0131n\u0131 \u015fiddetle k\u0131nad\u0131 ve ter\u00f6r sald\u0131r\u0131s\u0131nda kurban giden \u015fah\u0131slar\u0131n ailelerine ve meslekta\u015flar\u0131na taziyelerini sundu.<\/p>\n<p>D\u0131\u015fi\u015fleri ve Gurbet\u00e7iler Bakanl\u0131\u011f\u0131nda resmi bir kaynak SANA\u2019ya a\u00e7\u0131klamas\u0131nda, s\u00f6z konusu ter\u00f6r eyleminin tekfiri ter\u00f6r fenomeninin yay\u0131lmas\u0131n\u0131 temsil eden tehlike ile d\u00fcnyan\u0131n d\u00f6rt bir yan\u0131nda istikrar ve g\u00fcveni tehdit eden tehlikeleri a\u00e7\u0131k bir \u015fekilde a\u00e7\u0131klad\u0131\u011f\u0131n\u0131 ayr\u0131ca ter\u00f6r afetinin ortadan kald\u0131r\u0131lmas\u0131 i\u00e7in b\u00fct\u00fcn \u00e7abalar\u0131n yo\u011funla\u015ft\u0131r\u0131lmas\u0131na yol a\u00e7acak ciddi politikalara hacet duyuldu\u011funu bir kez daha belirtti\u011fini s\u00f6yledi.<\/p>\n<p>Kaynak, Suriye\u2019nin bir \u00e7ok kez \u00f6zellikle Suriye ve b\u00f6lgeyi hedef alan ter\u00f6r\u00fcn desteklenmesi tehlikelerinden uyard\u0131\u011f\u0131n\u0131, bu ter\u00f6r\u00fcn daha sonra destekleyicilerini vuraca\u011f\u0131n\u0131, bir \u00e7ok Avrupal\u0131 kente uzanan olay ve tehditlerin Avrupal\u0131 politikac\u0131lar\u0131n dar g\u00f6r\u00fc\u015fl\u00fcklerini, bu olaylar ile Suriye\u2019de akan kanlar\u0131n sorumlulu\u011funu belirtti\u011fine dikkat \u00e7ekti.<\/p>\n<p>Kaynak, Suriye\u2019nin tekfiri ve karanl\u0131k ter\u00f6re kar\u015f\u0131 kararl\u0131l\u0131kla m\u00fccadele etti\u011fini ve s\u0131n\u0131r \u00f6tesinden gelen bu ter\u00f6r sonucunda \u00e7ok say\u0131da vatanda\u015f\u0131n\u0131 kurban verdi\u011fini belirterek, hatal\u0131 politikalar\u0131n d\u00fczeltilmesine, son olarak 2170 ve 2178 say\u0131l\u0131 kararlar olmak \u00fczere uluslararas\u0131 me\u015fruiyet gere\u011fince ter\u00f6r\u00fcn b\u00fct\u00fcn \u015fekilleriyle m\u00fccadele etmeye ba\u011fl\u0131 kal\u0131nmas\u0131na ve ter\u00f6rist \u00f6rg\u00fctlere muhtelif destek \u015fekillerini sunan ve halen sunmakta olan \u00fclkelerden hesap sorulmas\u0131na \u00e7a\u011fr\u0131 yapt\u0131.<\/p>\n<p>Paris\u2019in ortalar\u0131nda Frans\u0131z Charlie Hebdo gazetesi otomatik silah ve f\u00fczelerle u\u011frad\u0131\u011f\u0131 sald\u0131r\u0131 sonucunda aralar\u0131nda 2 polisin bulundu\u011fu 12 ki\u015fi hayat\u0131n\u0131 kaybetmi\u015f baz\u0131 \u015fah\u0131slar da yaralanm\u0131\u015ft\u0131.<\/p>\n","protected":false},"excerpt":{"rendered":"<p>\u015eAM \u2013 Suriye, Paris\u2019te Charlie Hebdo Gazetesini hedef alan ve bir\u00e7ok ki\u015finin kurban gitti\u011fi ter\u00f6r sald\u0131r\u0131s\u0131n\u0131 \u015fiddetle k\u0131nad\u0131 ve ter\u00f6r sald\u0131r\u0131s\u0131nda kurban giden \u015fah\u0131slar\u0131n ailelerine ve meslekta\u015flar\u0131na taziyelerini sundu. D\u0131\u015fi\u015fleri ve Gurbet\u00e7iler Bakanl\u0131\u011f\u0131nda resmi bir kaynak SANA\u2019ya a\u00e7\u0131klamas\u0131nda, s\u00f6z konusu ter\u00f6r eyleminin tekfiri ter\u00f6r fenomeninin yay\u0131lmas\u0131n\u0131 temsil eden tehlike ile d\u00fcnyan\u0131n d\u00f6rt bir yan\u0131nda istikrar &hellip;<\/p>\n","protected":false},"author":1,"featured_media":20101,"comment_status":"closed","ping_status":"closed","sticky":false,"template":"","format":"standard","meta":{"footnotes":""},"categories":[479,478],"tags":[9612,9613,9611,9615,9608,9616,9609,9607,9610,9614],"class_list":["post-20098","post","type-post","status-publish","format-standard","has-post-thumbnail","","category-haberler-yerel","category-yerel","tag-bir-cok-avrupali-kente-uzanan-olay-ve-tehditlerin-avrupali-politikacilarin-dar-gorusluklerini","tag-bu-olaylar-ile-suriyede-akan-kanlarin-sorumlulugunu-belirttigine-dikkat-cekti-kaynak","tag-bu-terorun-daha-sonra-destekleyicilerini-vuracagini","tag-hatali-politikalarin-duzeltilmesine","tag-pariste-charlie-hebdo-gazetesini-hedef-alan-ve-bircok-kisinin-kurban-gittigi-teror-saldirisini-siddetle-kinadi-ve-teror-saldirisinda-kurban-giden-sahislarin-ailelerine-ve-meslektaslarina-tazi","tag-son-olarak-2170-ve-2178-sayili-kararlar-olmak-uzere-uluslararasi-mesruiyet-geregince-terorun-butun-sekilleriyle-mucadele-etmeye-bagli-kalinmasina-ve-terorist-orgutlere-muhtelif-destek-sekillerini-suna","tag-soz-konusu-teror-eyleminin-tekfiri-teror-fenomeninin-yayilmasini-temsil-eden-tehlike-ile-dunyanin-dort-bir-yaninda-istikrar-ve-guveni-tehdit-eden-tehlikeleri-acik-bir-sekilde-acikladigini-ayrica-teror","tag-suriye-pariste-charlie-hebdo-gazetesini-hedef-alan-teror-saldirisini-siddetle-kinadi-sam-suriye","tag-suriyenin-bir-cok-kez-ozellikle-suriye-ve-bolgeyi-hedef-alan-terorun-desteklenmesi-tehlikelerinden-uyardigini","tag-suriyenin-tekfiri-ve-karanlik-terore-karsi-kararlilikla-mucadele-ettigini-ve-sinir-otesinden-gelen-bu-teror-sonucunda-cok-sayida-vatandasini-kurban-verdigini-belirterek"],"_links":{"self":[{"href":"https:\/\/archive.sana.sy\/tr\/index.php?rest_route=\/wp\/v2\/posts\/20098","targetHints":{"allow":["GET"]}}],"collection":[{"href":"https:\/\/archive.sana.sy\/tr\/index.php?rest_route=\/wp\/v2\/posts"}],"about":[{"href":"https:\/\/archive.sana.sy\/tr\/index.php?rest_route=\/wp\/v2\/types\/post"}],"author":[{"embeddable":true,"href":"https:\/\/archive.sana.sy\/tr\/index.php?rest_route=\/wp\/v2\/users\/1"}],"replies":[{"embeddable":true,"href":"https:\/\/archive.sana.sy\/tr\/index.php?rest_route=%2Fwp%2Fv2%2Fcomments&post=20098"}],"version-history":[{"count":0,"href":"https:\/\/archive.sana.sy\/tr\/index.php?rest_route=\/wp\/v2\/posts\/20098\/revisions"}],"wp:featuredmedia":[{"embeddable":true,"href":"https:\/\/archive.sana.sy\/tr\/index.php?rest_route=\/wp\/v2\/media\/20101"}],"wp:attachment":[{"href":"https:\/\/archive.sana.sy\/tr\/index.php?rest_route=%2Fwp%2Fv2%2Fmedia&parent=20098"}],"wp:term":[{"taxonomy":"category","embeddable":true,"href":"https:\/\/archive.sana.sy\/tr\/index.php?rest_route=%2Fwp%2Fv2%2Fcategories&post=20098"},{"taxonomy":"post_tag","embeddable":true,"href":"https:\/\/archive.sana.sy\/tr\/index.php?rest_route=%2Fwp%2Fv2%2Ftags&post=20098"}],"curies":[{"name":"wp","href":"https:\/\/api.w.org\/{rel}","templated":true}]}}