{"id":201194,"date":"2020-02-04T13:56:41","date_gmt":"2020-02-04T11:56:41","guid":{"rendered":"http:\/\/www.sana.sy\/tr\/?p=201194"},"modified":"2020-02-05T10:16:12","modified_gmt":"2020-02-05T08:16:12","slug":"ordu-idlibteki-halep-lazkiye-anayolunun-kuzeyindeki-neyrab-koyunu-da-kurtardi","status":"publish","type":"post","link":"https:\/\/archive.sana.sy\/tr\/?p=201194","title":{"rendered":"Ordu Birlikleri \u0130dlib K\u0131rsal\u0131ndaki Serakib ve Ebu Duhur Eksenlerinde Yeni B\u00f6lgeleri Kurtard\u0131"},"content":{"rendered":"<p>\u0130DL\u0130B \u2013 Ordu birliklerimiz \u0130dlib k\u0131rsal\u0131ndaki Serakib Beldesinin ekseninde radikal ter\u00f6r \u00f6rg\u00fctlerine kar\u015f\u0131 yo\u011fun operasyonlar\u0131na devam ederken Halep-Lazkiye anayolunun kuzeyinde bulunan Neyrab K\u00f6y\u00fcn\u00fc, Ebu Duhur eksenindeyse 4 k\u00f6y\u00fc kurtard\u0131.<\/p>\n<p>SANA muhabiri; ordu birliklerimizin \u0130dlib k\u0131rsal\u0131ndaki Serakib Beldesinin ekseninde Cobas, San ve Tirnibe k\u00f6ylerini kurtard\u0131ktan sonra ter\u00f6r \u00f6rg\u00fctlerine kar\u015f\u0131 operasyonlar\u0131n\u0131 devam edip Halep-Lazkiye anayolunun kuzeyinde yer alan Neyrab K\u00f6y\u00fcn\u00fc kurtard\u0131klar\u0131n\u0131 belirtti.<\/p>\n<p>Muhabir; Neyrab K\u00f6y\u00fcn\u00fcn kurtar\u0131lmas\u0131yla ter\u00f6ristlerin lojistik hat olarak kulland\u0131klar\u0131 \u0130dlib\u2019teki Ariha ve Serakib aras\u0131ndaki anayolunun ordu birliklerimiz taraf\u0131ndan kesildi\u011fini ekledi.<\/p>\n<p>Muhabir ayr\u0131ca; ordu birliklerimizin Serakib\u2019in g\u00fcneybat\u0131s\u0131ndaki Kaddur ve Ruveyha k\u00f6ylerinin civar\u0131nda ter\u00f6r \u00f6rg\u00fctlerine kar\u015f\u0131 yo\u011fun \u00e7at\u0131\u015fmalarda bulunduklar\u0131n\u0131 s\u00f6yledi.<\/p>\n<p>Bu arada muhabir; ordu birliklerimizin \u0130dlib&#8217;teki Ebu Duhur B\u00f6lgesinde ter\u00f6r gruplar\u0131na kar\u015f\u0131 yo\u011fun \u00e7at\u0131\u015fmalardan sonra Vesita, el Rakam, Bleysa ve Tel A\u011far k\u00f6ylerini kurtard\u0131klar\u0131n\u0131 belirtti.<\/p>\n<p>\u00c7eviri: P.M.<\/p>\n","protected":false},"excerpt":{"rendered":"<p>\u0130DL\u0130B \u2013 Ordu birliklerimiz \u0130dlib k\u0131rsal\u0131ndaki Serakib Beldesinin ekseninde radikal ter\u00f6r \u00f6rg\u00fctlerine kar\u015f\u0131 yo\u011fun operasyonlar\u0131na devam ederken Halep-Lazkiye anayolunun kuzeyinde bulunan Neyrab K\u00f6y\u00fcn\u00fc, Ebu Duhur eksenindeyse 4 k\u00f6y\u00fc kurtard\u0131. SANA muhabiri; ordu birliklerimizin \u0130dlib k\u0131rsal\u0131ndaki Serakib Beldesinin ekseninde Cobas, San ve Tirnibe k\u00f6ylerini kurtard\u0131ktan sonra ter\u00f6r \u00f6rg\u00fctlerine kar\u015f\u0131 operasyonlar\u0131n\u0131 devam edip Halep-Lazkiye anayolunun kuzeyinde yer &hellip;<\/p>\n","protected":false},"author":1,"featured_media":201196,"comment_status":"closed","ping_status":"closed","sticky":false,"template":"","format":"standard","meta":{"footnotes":""},"categories":[479,575,17988,478],"tags":[],"class_list":["post-201194","post","type-post","status-publish","format-standard","has-post-thumbnail","","category-haberler-yerel","category-olaylar-ve-gercekler","category-son-haberler","category-yerel"],"_links":{"self":[{"href":"https:\/\/archive.sana.sy\/tr\/index.php?rest_route=\/wp\/v2\/posts\/201194","targetHints":{"allow":["GET"]}}],"collection":[{"href":"https:\/\/archive.sana.sy\/tr\/index.php?rest_route=\/wp\/v2\/posts"}],"about":[{"href":"https:\/\/archive.sana.sy\/tr\/index.php?rest_route=\/wp\/v2\/types\/post"}],"author":[{"embeddable":true,"href":"https:\/\/archive.sana.sy\/tr\/index.php?rest_route=\/wp\/v2\/users\/1"}],"replies":[{"embeddable":true,"href":"https:\/\/archive.sana.sy\/tr\/index.php?rest_route=%2Fwp%2Fv2%2Fcomments&post=201194"}],"version-history":[{"count":0,"href":"https:\/\/archive.sana.sy\/tr\/index.php?rest_route=\/wp\/v2\/posts\/201194\/revisions"}],"wp:featuredmedia":[{"embeddable":true,"href":"https:\/\/archive.sana.sy\/tr\/index.php?rest_route=\/wp\/v2\/media\/201196"}],"wp:attachment":[{"href":"https:\/\/archive.sana.sy\/tr\/index.php?rest_route=%2Fwp%2Fv2%2Fmedia&parent=201194"}],"wp:term":[{"taxonomy":"category","embeddable":true,"href":"https:\/\/archive.sana.sy\/tr\/index.php?rest_route=%2Fwp%2Fv2%2Fcategories&post=201194"},{"taxonomy":"post_tag","embeddable":true,"href":"https:\/\/archive.sana.sy\/tr\/index.php?rest_route=%2Fwp%2Fv2%2Ftags&post=201194"}],"curies":[{"name":"wp","href":"https:\/\/api.w.org\/{rel}","templated":true}]}}