{"id":201201,"date":"2020-02-04T14:06:37","date_gmt":"2020-02-04T12:06:37","guid":{"rendered":"http:\/\/www.sana.sy\/tr\/?p=201201"},"modified":"2020-02-05T10:10:35","modified_gmt":"2020-02-05T08:10:35","slug":"homs-kirsalindaki-kfarsaha-beldesinde-terorden-kalma-cephane-ele-gecirildi","status":"publish","type":"post","link":"https:\/\/archive.sana.sy\/tr\/?p=201201","title":{"rendered":"Homs K\u0131rsal\u0131ndaki Kfarlaha Beldesinde Ter\u00f6rden Kalma Cephane Ele Ge\u00e7irildi"},"content":{"rendered":"<p>HOMS \u2013 G\u00fcvenlik birimleri Homs k\u0131rsal\u0131n\u0131n kuzeyinde yer alan Kfarlaha Beldesinde, kurtar\u0131lan b\u00f6lgelerde g\u00fcvenlik ve istikrara sa\u011flamak i\u00e7in b\u00f6lge halk\u0131 ile i\u015fbirli\u011finde devam edilen arama tarama operasonlar\u0131 \u00e7er\u00e7evesinde ter\u00f6r gruplar\u0131ndan kalma cephane deposunu ele ge\u00e7irdi.<\/p>\n<p>SANA muhabiri; g\u00fcvenlik birimlerinin Kfarlaha Beldesinde arama tarama operasyonlar\u0131 s\u0131ras\u0131nda beldenin bir okulda ter\u00f6r gruplar\u0131 taraf\u0131ndan kaz\u0131da saklanm\u0131\u015f cephaneyi ele ge\u00e7irdiklerini belirtti.<\/p>\n<p>Muhabir ayr\u0131ca; Homs k\u0131rsal\u0131n\u0131n kuzeyindeki kurtar\u0131lan b\u00f6lgelerde g\u00fcvenlik birimleri taraf\u0131ndan arama tarama operasyonlar\u0131n\u0131n devam edildi\u011fini ekledi.<\/p>\n<p>\u00c7eviri: P.M.<\/p>\n<div id='gallery-1' class='gallery galleryid-201201 gallery-columns-1 gallery-size-full'><figure class='gallery-item'>\n\t\t\t<div class='gallery-icon landscape'>\n\t\t\t\t<a href='https:\/\/archive.sana.sy\/tr\/wp-content\/uploads\/2020\/02\/888-1.jpg'><img loading=\"lazy\" decoding=\"async\" width=\"660\" height=\"336\" src=\"https:\/\/archive.sana.sy\/tr\/wp-content\/uploads\/2020\/02\/888-1.jpg\" class=\"attachment-full size-full\" alt=\"\" srcset=\"https:\/\/archive.sana.sy\/tr\/wp-content\/uploads\/2020\/02\/888-1.jpg 660w, https:\/\/archive.sana.sy\/tr\/wp-content\/uploads\/2020\/02\/888-1-300x153.jpg 300w, https:\/\/archive.sana.sy\/tr\/wp-content\/uploads\/2020\/02\/888-1-150x76.jpg 150w\" sizes=\"auto, (max-width: 660px) 100vw, 660px\" \/><\/a>\n\t\t\t<\/div><\/figure>\n\t\t<\/div>\n\n","protected":false},"excerpt":{"rendered":"<p>HOMS \u2013 G\u00fcvenlik birimleri Homs k\u0131rsal\u0131n\u0131n kuzeyinde yer alan Kfarlaha Beldesinde, kurtar\u0131lan b\u00f6lgelerde g\u00fcvenlik ve istikrara sa\u011flamak i\u00e7in b\u00f6lge halk\u0131 ile i\u015fbirli\u011finde devam edilen arama tarama operasonlar\u0131 \u00e7er\u00e7evesinde ter\u00f6r gruplar\u0131ndan kalma cephane deposunu ele ge\u00e7irdi. SANA muhabiri; g\u00fcvenlik birimlerinin Kfarlaha Beldesinde arama tarama operasyonlar\u0131 s\u0131ras\u0131nda beldenin bir okulda ter\u00f6r gruplar\u0131 taraf\u0131ndan kaz\u0131da saklanm\u0131\u015f cephaneyi ele &hellip;<\/p>\n","protected":false},"author":1,"featured_media":201202,"comment_status":"closed","ping_status":"closed","sticky":false,"template":"","format":"standard","meta":{"footnotes":""},"categories":[596,479,575,17988,478],"tags":[],"class_list":["post-201201","post","type-post","status-publish","format-standard","has-post-thumbnail","","category-fotografli-raporlar","category-haberler-yerel","category-olaylar-ve-gercekler","category-son-haberler","category-yerel"],"_links":{"self":[{"href":"https:\/\/archive.sana.sy\/tr\/index.php?rest_route=\/wp\/v2\/posts\/201201","targetHints":{"allow":["GET"]}}],"collection":[{"href":"https:\/\/archive.sana.sy\/tr\/index.php?rest_route=\/wp\/v2\/posts"}],"about":[{"href":"https:\/\/archive.sana.sy\/tr\/index.php?rest_route=\/wp\/v2\/types\/post"}],"author":[{"embeddable":true,"href":"https:\/\/archive.sana.sy\/tr\/index.php?rest_route=\/wp\/v2\/users\/1"}],"replies":[{"embeddable":true,"href":"https:\/\/archive.sana.sy\/tr\/index.php?rest_route=%2Fwp%2Fv2%2Fcomments&post=201201"}],"version-history":[{"count":0,"href":"https:\/\/archive.sana.sy\/tr\/index.php?rest_route=\/wp\/v2\/posts\/201201\/revisions"}],"wp:featuredmedia":[{"embeddable":true,"href":"https:\/\/archive.sana.sy\/tr\/index.php?rest_route=\/wp\/v2\/media\/201202"}],"wp:attachment":[{"href":"https:\/\/archive.sana.sy\/tr\/index.php?rest_route=%2Fwp%2Fv2%2Fmedia&parent=201201"}],"wp:term":[{"taxonomy":"category","embeddable":true,"href":"https:\/\/archive.sana.sy\/tr\/index.php?rest_route=%2Fwp%2Fv2%2Fcategories&post=201201"},{"taxonomy":"post_tag","embeddable":true,"href":"https:\/\/archive.sana.sy\/tr\/index.php?rest_route=%2Fwp%2Fv2%2Ftags&post=201201"}],"curies":[{"name":"wp","href":"https:\/\/api.w.org\/{rel}","templated":true}]}}