{"id":201249,"date":"2020-02-04T22:07:33","date_gmt":"2020-02-04T20:07:33","guid":{"rendered":"http:\/\/www.sana.sy\/tr\/?p=201249"},"modified":"2020-02-04T22:07:33","modified_gmt":"2020-02-04T20:07:33","slug":"ordu-ve-silahli-kuvvetler-genel-komutanligi-turk-guclerinin-suriyede-bulunmasinin-mesru-olmadigini-vurgularken-acik-saldirganlik-eylem-sayildigini-sozkonusu-guclerin-bolgede-calisan-birli","status":"publish","type":"post","link":"https:\/\/archive.sana.sy\/tr\/?p=201249","title":{"rendered":"Ordu ve Silahl\u0131 Kuvvetler Genel Komutanl\u0131\u011f\u0131, T\u00fcrk G\u00fc\u00e7lerinin Suriye\u2019de  bulunmas\u0131n\u0131n me\u015fru olmad\u0131\u011f\u0131n\u0131 vurgularken, a\u00e7\u0131k sald\u0131rganl\u0131k eylem say\u0131ld\u0131\u011f\u0131n\u0131, s\u00f6zkonusu g\u00fc\u00e7lerin b\u00f6lgede \u00e7al\u0131\u015fan birliklerimize herhangi bir sald\u0131r\u0131s\u0131 halinde ani ve kar\u015f\u0131l\u0131k vermeye tam haz\u0131rl\u0131kta oldu\u011funu duyurdu."},"content":{"rendered":"<p>Ordu ve Silahl\u0131 Kuvvetler Genel Komutanl\u0131\u011f\u0131, T\u00fcrk G\u00fc\u00e7lerinin Suriye\u2019de\u00a0 bulunmas\u0131n\u0131n me\u015fru olmad\u0131\u011f\u0131n\u0131 vurgularken, a\u00e7\u0131k sald\u0131rganl\u0131k eylem say\u0131ld\u0131\u011f\u0131n\u0131, s\u00f6zkonusu g\u00fc\u00e7lerin b\u00f6lgede \u00e7al\u0131\u015fan birliklerimize herhangi bir sald\u0131r\u0131s\u0131 halinde ani ve kar\u015f\u0131l\u0131k vermeye tam haz\u0131rl\u0131kta oldu\u011funu duyurdu.<\/p>\n","protected":false},"excerpt":{"rendered":"<p>Ordu ve Silahl\u0131 Kuvvetler Genel Komutanl\u0131\u011f\u0131, T\u00fcrk G\u00fc\u00e7lerinin Suriye\u2019de\u00a0 bulunmas\u0131n\u0131n me\u015fru olmad\u0131\u011f\u0131n\u0131 vurgularken, a\u00e7\u0131k sald\u0131rganl\u0131k eylem say\u0131ld\u0131\u011f\u0131n\u0131, s\u00f6zkonusu g\u00fc\u00e7lerin b\u00f6lgede \u00e7al\u0131\u015fan birliklerimize herhangi bir sald\u0131r\u0131s\u0131 halinde ani ve kar\u015f\u0131l\u0131k vermeye tam haz\u0131rl\u0131kta oldu\u011funu duyurdu.<\/p>\n","protected":false},"author":1,"featured_media":0,"comment_status":"closed","ping_status":"closed","sticky":false,"template":"","format":"standard","meta":{"footnotes":""},"categories":[17991],"tags":[],"class_list":["post-201249","post","type-post","status-publish","format-standard","","category-son-dakika"],"_links":{"self":[{"href":"https:\/\/archive.sana.sy\/tr\/index.php?rest_route=\/wp\/v2\/posts\/201249","targetHints":{"allow":["GET"]}}],"collection":[{"href":"https:\/\/archive.sana.sy\/tr\/index.php?rest_route=\/wp\/v2\/posts"}],"about":[{"href":"https:\/\/archive.sana.sy\/tr\/index.php?rest_route=\/wp\/v2\/types\/post"}],"author":[{"embeddable":true,"href":"https:\/\/archive.sana.sy\/tr\/index.php?rest_route=\/wp\/v2\/users\/1"}],"replies":[{"embeddable":true,"href":"https:\/\/archive.sana.sy\/tr\/index.php?rest_route=%2Fwp%2Fv2%2Fcomments&post=201249"}],"version-history":[{"count":0,"href":"https:\/\/archive.sana.sy\/tr\/index.php?rest_route=\/wp\/v2\/posts\/201249\/revisions"}],"wp:attachment":[{"href":"https:\/\/archive.sana.sy\/tr\/index.php?rest_route=%2Fwp%2Fv2%2Fmedia&parent=201249"}],"wp:term":[{"taxonomy":"category","embeddable":true,"href":"https:\/\/archive.sana.sy\/tr\/index.php?rest_route=%2Fwp%2Fv2%2Fcategories&post=201249"},{"taxonomy":"post_tag","embeddable":true,"href":"https:\/\/archive.sana.sy\/tr\/index.php?rest_route=%2Fwp%2Fv2%2Ftags&post=201249"}],"curies":[{"name":"wp","href":"https:\/\/api.w.org\/{rel}","templated":true}]}}