{"id":201257,"date":"2020-02-04T22:59:20","date_gmt":"2020-02-04T20:59:20","guid":{"rendered":"http:\/\/www.sana.sy\/tr\/?p=201257"},"modified":"2020-02-06T10:15:40","modified_gmt":"2020-02-06T08:15:40","slug":"ordudan-idlibtek-silahlilara-sivillerin-canlarini-korumak-amaciyla-silahi-birakmak-isteyenlere-son-firsat","status":"publish","type":"post","link":"https:\/\/archive.sana.sy\/tr\/?p=201257","title":{"rendered":"Ordudan \u0130dlib&#8217;tek Silahl\u0131lara Sivillerin Canlar\u0131n\u0131 Korumak Amac\u0131yla Silah\u0131 B\u0131rakmak \u0130steyenlere Son F\u0131rsat"},"content":{"rendered":"<p>\u015eAM &#8211; askeri bir kaynak, Suriye Arap Ordusu\u2019nun topraklar\u0131 koruma ve \u0130dlib\u2019in t\u0131rmand\u0131rmay\u0131 azaltma b\u00f6lgesindeki sivillere sald\u0131r\u0131p Serakib kenti ve Tel Tufan b\u00f6lgesinde rehine ve canl\u0131 kalkan olarak kullanmaya \u00e7al\u0131\u015fan ter\u00f6ristleri imha etmekteki ulusal g\u00f6revini yerine getirmeye devam etti\u011fini vurgulad\u0131.<\/p>\n<p>Askeri kaynak SANA\u2019ya, silahl\u0131 kuvvetlerimizin silahl\u0131 gruplara son f\u0131rsat vermek ve sivillerin canlar\u0131n\u0131 korumak amac\u0131yla b\u00f6lgede \u00e7al\u0131\u015fan askeri birlikerimize, T\u00fcrk g\u00fc\u00e7lerinin ter\u00f6ristlere deste\u011fine bahis etmek yerine silah\u0131n\u0131 b\u0131rakmak isteyenlere durumunu d\u00fczeltme talimatlar\u0131n\u0131 verdi\u011fibi a\u00e7\u0131klad\u0131.<\/p>\n<p>Kaynak a\u00e7\u0131klamas\u0131n\u0131, T\u00fcrk G\u00fc\u00e7lerinin Suriye\u2019de bulunmas\u0131n\u0131n me\u015fru olmad\u0131\u011f\u0131, a\u00e7\u0131k sald\u0131rganl\u0131k eylem say\u0131ld\u0131\u011f\u0131 ve s\u00f6zkonusu g\u00fc\u00e7lerin b\u00f6lgede \u00e7al\u0131\u015fan birliklerimize herhangi bir sald\u0131r\u0131s\u0131 halinde ani ve kar\u015f\u0131l\u0131k vermeye tam haz\u0131rl\u0131kta oldu\u011funu vurgulamakla bitirdi.<\/p>\n<p>Kumeyt Yusuf<\/p>\n","protected":false},"excerpt":{"rendered":"<p>\u015eAM &#8211; askeri bir kaynak, Suriye Arap Ordusu\u2019nun topraklar\u0131 koruma ve \u0130dlib\u2019in t\u0131rmand\u0131rmay\u0131 azaltma b\u00f6lgesindeki sivillere sald\u0131r\u0131p Serakib kenti ve Tel Tufan b\u00f6lgesinde rehine ve canl\u0131 kalkan olarak kullanmaya \u00e7al\u0131\u015fan ter\u00f6ristleri imha etmekteki ulusal g\u00f6revini yerine getirmeye devam etti\u011fini vurgulad\u0131. Askeri kaynak SANA\u2019ya, silahl\u0131 kuvvetlerimizin silahl\u0131 gruplara son f\u0131rsat vermek ve sivillerin canlar\u0131n\u0131 korumak amac\u0131yla &hellip;<\/p>\n","protected":false},"author":1,"featured_media":201258,"comment_status":"closed","ping_status":"closed","sticky":false,"template":"","format":"standard","meta":{"footnotes":""},"categories":[479,575,17988,478],"tags":[],"class_list":["post-201257","post","type-post","status-publish","format-standard","has-post-thumbnail","","category-haberler-yerel","category-olaylar-ve-gercekler","category-son-haberler","category-yerel"],"_links":{"self":[{"href":"https:\/\/archive.sana.sy\/tr\/index.php?rest_route=\/wp\/v2\/posts\/201257","targetHints":{"allow":["GET"]}}],"collection":[{"href":"https:\/\/archive.sana.sy\/tr\/index.php?rest_route=\/wp\/v2\/posts"}],"about":[{"href":"https:\/\/archive.sana.sy\/tr\/index.php?rest_route=\/wp\/v2\/types\/post"}],"author":[{"embeddable":true,"href":"https:\/\/archive.sana.sy\/tr\/index.php?rest_route=\/wp\/v2\/users\/1"}],"replies":[{"embeddable":true,"href":"https:\/\/archive.sana.sy\/tr\/index.php?rest_route=%2Fwp%2Fv2%2Fcomments&post=201257"}],"version-history":[{"count":0,"href":"https:\/\/archive.sana.sy\/tr\/index.php?rest_route=\/wp\/v2\/posts\/201257\/revisions"}],"wp:featuredmedia":[{"embeddable":true,"href":"https:\/\/archive.sana.sy\/tr\/index.php?rest_route=\/wp\/v2\/media\/201258"}],"wp:attachment":[{"href":"https:\/\/archive.sana.sy\/tr\/index.php?rest_route=%2Fwp%2Fv2%2Fmedia&parent=201257"}],"wp:term":[{"taxonomy":"category","embeddable":true,"href":"https:\/\/archive.sana.sy\/tr\/index.php?rest_route=%2Fwp%2Fv2%2Fcategories&post=201257"},{"taxonomy":"post_tag","embeddable":true,"href":"https:\/\/archive.sana.sy\/tr\/index.php?rest_route=%2Fwp%2Fv2%2Ftags&post=201257"}],"curies":[{"name":"wp","href":"https:\/\/api.w.org\/{rel}","templated":true}]}}