{"id":201604,"date":"2020-02-07T16:17:29","date_gmt":"2020-02-07T14:17:29","guid":{"rendered":"http:\/\/www.sana.sy\/tr\/?p=201604"},"modified":"2020-02-07T16:19:52","modified_gmt":"2020-02-07T14:19:52","slug":"sana-muhabiri-ordu-birliklerimiz-terore-karsi-yogun-operasyonlari-ardindan-halep-kirsalinin-guneyinde-yer-alan-birne-beldesini-kurtardi","status":"publish","type":"post","link":"https:\/\/archive.sana.sy\/tr\/?p=201604","title":{"rendered":"SANA muhabiri: Ordu birliklerimiz ter\u00f6re kar\u015f\u0131 yo\u011fun operasyonlar\u0131 ard\u0131ndan Halep k\u0131rsal\u0131n\u0131n g\u00fcneyinde yer alan Birne Beldesini kurtar\u0131p el Eis eksenine do\u011fru ka\u00e7an ter\u00f6r kal\u0131nt\u0131lar\u0131n\u0131 koval\u0131yor"},"content":{"rendered":"<p>SANA muhabiri: Ordu birliklerimiz ter\u00f6re kar\u015f\u0131 yo\u011fun operasyonlar\u0131 ard\u0131ndan Halep k\u0131rsal\u0131n\u0131n g\u00fcneyinde yer alan Birne Beldesini kurtar\u0131p el Eis eksenine do\u011fru ka\u00e7an ter\u00f6r kal\u0131nt\u0131lar\u0131n\u0131 koval\u0131yor<\/p>\n","protected":false},"excerpt":{"rendered":"<p>SANA muhabiri: Ordu birliklerimiz ter\u00f6re kar\u015f\u0131 yo\u011fun operasyonlar\u0131 ard\u0131ndan Halep k\u0131rsal\u0131n\u0131n g\u00fcneyinde yer alan Birne Beldesini kurtar\u0131p el Eis eksenine do\u011fru ka\u00e7an ter\u00f6r kal\u0131nt\u0131lar\u0131n\u0131 koval\u0131yor<\/p>\n","protected":false},"author":1,"featured_media":0,"comment_status":"closed","ping_status":"closed","sticky":false,"template":"","format":"standard","meta":{"footnotes":""},"categories":[17991],"tags":[],"class_list":["post-201604","post","type-post","status-publish","format-standard","","category-son-dakika"],"_links":{"self":[{"href":"https:\/\/archive.sana.sy\/tr\/index.php?rest_route=\/wp\/v2\/posts\/201604","targetHints":{"allow":["GET"]}}],"collection":[{"href":"https:\/\/archive.sana.sy\/tr\/index.php?rest_route=\/wp\/v2\/posts"}],"about":[{"href":"https:\/\/archive.sana.sy\/tr\/index.php?rest_route=\/wp\/v2\/types\/post"}],"author":[{"embeddable":true,"href":"https:\/\/archive.sana.sy\/tr\/index.php?rest_route=\/wp\/v2\/users\/1"}],"replies":[{"embeddable":true,"href":"https:\/\/archive.sana.sy\/tr\/index.php?rest_route=%2Fwp%2Fv2%2Fcomments&post=201604"}],"version-history":[{"count":0,"href":"https:\/\/archive.sana.sy\/tr\/index.php?rest_route=\/wp\/v2\/posts\/201604\/revisions"}],"wp:attachment":[{"href":"https:\/\/archive.sana.sy\/tr\/index.php?rest_route=%2Fwp%2Fv2%2Fmedia&parent=201604"}],"wp:term":[{"taxonomy":"category","embeddable":true,"href":"https:\/\/archive.sana.sy\/tr\/index.php?rest_route=%2Fwp%2Fv2%2Fcategories&post=201604"},{"taxonomy":"post_tag","embeddable":true,"href":"https:\/\/archive.sana.sy\/tr\/index.php?rest_route=%2Fwp%2Fv2%2Ftags&post=201604"}],"curies":[{"name":"wp","href":"https:\/\/api.w.org\/{rel}","templated":true}]}}