{"id":201676,"date":"2020-02-08T08:05:28","date_gmt":"2020-02-08T06:05:28","guid":{"rendered":"http:\/\/www.sana.sy\/tr\/?p=201676"},"modified":"2020-02-09T10:08:07","modified_gmt":"2020-02-09T08:08:07","slug":"ordu-idlib-kirsalinda-yeni-bolgeleri-kurtardi","status":"publish","type":"post","link":"https:\/\/archive.sana.sy\/tr\/?p=201676","title":{"rendered":"Ordu \u0130dlib K\u0131rsal\u0131nda Yeni B\u00f6lgeleri Kurtard\u0131"},"content":{"rendered":"<p>\u0130DL\u0130B \u2013 Vatan koruyucular\u0131 ordu birliklerimiz \u0130dlib \u0130linin do\u011fusunda uluslar aras\u0131 ter\u00f6r \u00f6rg\u00fctleri listesinde yer alan Nusra Cephesi ve m\u00fcttefikleri di\u011fer ter\u00f6r \u00f6rg\u00fctlere kar\u015f\u0131 operasyonlar\u0131n\u0131 ba\u015far\u0131yla s\u00fcrd\u00fcrerek yeni b\u00f6lgeleri kurtard\u0131.<\/p>\n<p>SANA muhabiri ordu birliklerimizin T\u00fcrkiye&#8217;de Erdo\u011fan rejimi ba\u015fta olmak \u00fczere belli ba\u015fl\u0131 d\u0131\u015f g\u00fc\u00e7lerin destekleyip y\u00f6nlendirdikleri Nusra Cephesi ve m\u00fcttefikleri di\u011fer ter\u00f6r \u00f6rg\u00fctlere kar\u015f\u0131 nitelikli operasyonlar\u0131n\u0131 yo\u011funla\u015ft\u0131rd\u0131klar\u0131n\u0131 aktard\u0131. Muhabir ter\u00f6r siperleri ve \u00f6n savunma hatlar\u0131n\u0131n yok edilmesi ard\u0131ndan bu kiral\u0131k \u00e7etelerin saflar\u0131nda a\u011f\u0131r kay\u0131plar meydana gelmesiyle ciddi da\u011f\u0131lmalara tan\u0131k olduklar\u0131n\u0131 s\u00f6yledi.<\/p>\n<p>Ordu birliklerimizin bu operasyonlarda Maharim ve Tel Keratin beldelerini kurtar\u0131p vatanda\u015flar\u0131n can ve mal g\u00fcvenli\u011fini temin ettiklerini aktaran muhabir; korku ve panik i\u00e7inde ka\u00e7an ter\u00f6ristleri kovalama ve yok etme operasyonlar\u0131n\u0131n ba\u015far\u0131yla devam etti\u011fini belirtti.<\/p>\n","protected":false},"excerpt":{"rendered":"<p>\u0130DL\u0130B \u2013 Vatan koruyucular\u0131 ordu birliklerimiz \u0130dlib \u0130linin do\u011fusunda uluslar aras\u0131 ter\u00f6r \u00f6rg\u00fctleri listesinde yer alan Nusra Cephesi ve m\u00fcttefikleri di\u011fer ter\u00f6r \u00f6rg\u00fctlere kar\u015f\u0131 operasyonlar\u0131n\u0131 ba\u015far\u0131yla s\u00fcrd\u00fcrerek yeni b\u00f6lgeleri kurtard\u0131. SANA muhabiri ordu birliklerimizin T\u00fcrkiye&#8217;de Erdo\u011fan rejimi ba\u015fta olmak \u00fczere belli ba\u015fl\u0131 d\u0131\u015f g\u00fc\u00e7lerin destekleyip y\u00f6nlendirdikleri Nusra Cephesi ve m\u00fcttefikleri di\u011fer ter\u00f6r \u00f6rg\u00fctlere kar\u015f\u0131 nitelikli &hellip;<\/p>\n","protected":false},"author":36,"featured_media":201677,"comment_status":"closed","ping_status":"closed","sticky":false,"template":"","format":"standard","meta":{"footnotes":""},"categories":[479,575,17988,478],"tags":[],"class_list":["post-201676","post","type-post","status-publish","format-standard","has-post-thumbnail","","category-haberler-yerel","category-olaylar-ve-gercekler","category-son-haberler","category-yerel"],"_links":{"self":[{"href":"https:\/\/archive.sana.sy\/tr\/index.php?rest_route=\/wp\/v2\/posts\/201676","targetHints":{"allow":["GET"]}}],"collection":[{"href":"https:\/\/archive.sana.sy\/tr\/index.php?rest_route=\/wp\/v2\/posts"}],"about":[{"href":"https:\/\/archive.sana.sy\/tr\/index.php?rest_route=\/wp\/v2\/types\/post"}],"author":[{"embeddable":true,"href":"https:\/\/archive.sana.sy\/tr\/index.php?rest_route=\/wp\/v2\/users\/36"}],"replies":[{"embeddable":true,"href":"https:\/\/archive.sana.sy\/tr\/index.php?rest_route=%2Fwp%2Fv2%2Fcomments&post=201676"}],"version-history":[{"count":0,"href":"https:\/\/archive.sana.sy\/tr\/index.php?rest_route=\/wp\/v2\/posts\/201676\/revisions"}],"wp:featuredmedia":[{"embeddable":true,"href":"https:\/\/archive.sana.sy\/tr\/index.php?rest_route=\/wp\/v2\/media\/201677"}],"wp:attachment":[{"href":"https:\/\/archive.sana.sy\/tr\/index.php?rest_route=%2Fwp%2Fv2%2Fmedia&parent=201676"}],"wp:term":[{"taxonomy":"category","embeddable":true,"href":"https:\/\/archive.sana.sy\/tr\/index.php?rest_route=%2Fwp%2Fv2%2Fcategories&post=201676"},{"taxonomy":"post_tag","embeddable":true,"href":"https:\/\/archive.sana.sy\/tr\/index.php?rest_route=%2Fwp%2Fv2%2Ftags&post=201676"}],"curies":[{"name":"wp","href":"https:\/\/api.w.org\/{rel}","templated":true}]}}