{"id":20179,"date":"2015-01-08T21:00:38","date_gmt":"2015-01-08T19:00:38","guid":{"rendered":"http:\/\/sana.sy\/tr\/?p=20179"},"modified":"2015-01-09T19:00:58","modified_gmt":"2015-01-09T17:00:58","slug":"ordu-birliklerimiz-terore-karsi-amansiz-operasyonlarini-surduruyor","status":"publish","type":"post","link":"https:\/\/archive.sana.sy\/tr\/?p=20179","title":{"rendered":"Ordu Birliklerimiz Ter\u00f6re Kar\u015f\u0131 Amans\u0131z Operasyonlar\u0131n\u0131 S\u00fcrd\u00fcr\u00fcyor"},"content":{"rendered":"<p>\u0130LLER \u2013 Vatan koruyucular\u0131 ordu birliklerimiz zor hava ko\u015fullar\u0131 ve kar ya\u011f\u0131\u015f\u0131na ra\u011fmen yurdun muhtelif b\u00f6lgelerinde tekfirci ve hain ter\u00f6r \u00e7etelere kar\u015f\u0131 amans\u0131z operasyonlar\u0131n\u0131 ba\u015far\u0131yla s\u00fcrd\u00fcr\u00fcyor.<\/p>\n<p><span style=\"color: #0000ff\">\u0130dlib K\u0131rsal\u0131nda \u00c7ok Say\u0131da Ter\u00f6rist \u00d6ld\u00fcr\u00fcld\u00fc<\/span><\/p>\n<p>Askeri kaynak ordu birliklerimizin \u0130dlib k\u0131rsal\u0131n\u0131n muhtelif yerlerinde T\u00fcrkiye rejimi taraf\u0131ndan desteklenen ter\u00f6r \u00e7etelere kar\u015f\u0131 operasyonlar\u0131nda yeni ba\u015far\u0131lara imza att\u0131klar\u0131n\u0131 s\u00f6yledi.<\/p>\n<p>Kaynak ordu birliklerimizin Han el S\u00fcb\u00fcl, Tel Dneynit, Kmeynas, Seycar, Ayn Martin, Zeyzun, Hmeymat el Dayir ve Ebu el Zuhur b\u00f6lgelerinde muhtelif ter\u00f6r olu\u015fumlardan \u00e7etelerin mevkilerini muhtevalar\u0131yla hedef ald\u0131klar\u0131n\u0131 kaydetti.<\/p>\n<p>Operasyonlarda onlarca ter\u00f6ristin \u00f6l\u00fc yaral\u0131 d\u00fc\u015f\u00fcr\u00fcld\u00fc\u011f\u00fcn\u00fc belirten kaynak, aralar\u0131nda yabanc\u0131 ve tan\u0131nm\u0131\u015f az\u0131l\u0131 katillerin bulundu\u011funa i\u015faret etti.<\/p>\n<p><span style=\"color: #0000ff\">Dera K\u0131rsal\u0131nda \u0130srail Destekli Ter\u00f6ristlerin Kay\u0131plar\u0131 B\u00fcy\u00fcyor<\/span><\/p>\n<p>\u00d6te yandan ordu birliklerimiz Dera k\u0131rsal\u0131nda \u0130srail destekli tekfirci ve hain ter\u00f6r \u00f6rg\u00fctlere kar\u015f\u0131 operasyonlar\u0131n\u0131 s\u00fcrd\u00fcr\u00fcyor.<\/p>\n<p>Askeri kaynak Dera k\u0131rsal\u0131 Herab el \u015eahm B\u00f6lgesinde \u00e7ok say\u0131da ter\u00f6risti \u00f6l\u00fc ve yaral\u0131 d\u00fc\u015f\u00fcrd\u00fc.<\/p>\n<p>\u015eeyh Miskin B\u00f6lgesinde ter\u00f6ristlerle s\u0131cak temasa giren ordu birliklerimiz; Dael, Busr el \u015eam, Deyr Ades ve Enhil b\u00f6lgelerinde de muhtelif gruplardan ter\u00f6ristlerin mevki ve ara\u00e7lar\u0131n\u0131 muhtevalar\u0131yla imha etti.<\/p>\n<p><span style=\"color: #0000ff\">Homs K\u0131rsal\u0131nda Onlarca Ter\u00f6rist \u00d6ld\u00fcr\u00fcld\u00fc<\/span><\/p>\n<p><span style=\"color: #000000\">Askeri kaynak; ordu birliklerimizin Homs k\u0131rsal\u0131n\u0131n Huvla B\u00f6lgesinin Teldo Beldesinde \u00e7ok say\u0131da ter\u00f6risti \u00f6l\u00fc ve yaral\u0131 d\u00fc\u015f\u00fcrd\u00fcklerini belirtti. <\/span><\/p>\n<p><span style=\"color: #000000\">\u00a0<\/span><\/p>\n","protected":false},"excerpt":{"rendered":"<p>\u0130LLER \u2013 Vatan koruyucular\u0131 ordu birliklerimiz zor hava ko\u015fullar\u0131 ve kar ya\u011f\u0131\u015f\u0131na ra\u011fmen yurdun muhtelif b\u00f6lgelerinde tekfirci ve hain ter\u00f6r \u00e7etelere kar\u015f\u0131 amans\u0131z operasyonlar\u0131n\u0131 ba\u015far\u0131yla s\u00fcrd\u00fcr\u00fcyor. \u0130dlib K\u0131rsal\u0131nda \u00c7ok Say\u0131da Ter\u00f6rist \u00d6ld\u00fcr\u00fcld\u00fc Askeri kaynak ordu birliklerimizin \u0130dlib k\u0131rsal\u0131n\u0131n muhtelif yerlerinde T\u00fcrkiye rejimi taraf\u0131ndan desteklenen ter\u00f6r \u00e7etelere kar\u015f\u0131 operasyonlar\u0131nda yeni ba\u015far\u0131lara imza att\u0131klar\u0131n\u0131 s\u00f6yledi. Kaynak ordu &hellip;<\/p>\n","protected":false},"author":1,"featured_media":20180,"comment_status":"closed","ping_status":"closed","sticky":false,"template":"","format":"standard","meta":{"footnotes":""},"categories":[575],"tags":[9655,9370,7198,9656,9654,3347,9650,9652,9651,9653],"class_list":["post-20179","post","type-post","status-publish","format-standard","has-post-thumbnail","","category-olaylar-ve-gercekler","tag-aralarinda-yabanci-ve-taninmis-azili-katillerin-bulunduguna-isaret-etti-dera-kirsalinda-israil-destekli-teroristlerin-kayiplari-buyuyor-ote-yandan-ordu-birliklerimiz-dera-kirsalinda-israil-destekli-t","tag-ayn-martin","tag-busr-el-sam","tag-deyr-ades-ve-enhil-bolgelerinde-de-muhtelif-gruplardan-teroristlerin-mevki-ve-araclarini-muhtevalariyla-imha-etti","tag-hmeymat-el-dayir-ve-ebu-el-zuhur-bolgelerinde-muhtelif-teror-olusumlardan-cetelerin-mevkilerini-muhtevalariyla-hedef-aldiklarini-kaydetti-operasyonlarda-onlarca-teroristin-olu-yarali-dusuruldugunu-be","tag-kmeynas","tag-ordu-birliklerimiz-terore-karsi-amansiz-operasyonlarini-surduruyor-iller-vatan-koruyuculari-ordu-birliklerimiz-zor-hava-kosullari-ve-kar-yagisina-ragmen-yurdun-muhtelif-bolgelerinde-tekfirci","tag-seycar","tag-tel-dneynit","tag-zeyzun"],"_links":{"self":[{"href":"https:\/\/archive.sana.sy\/tr\/index.php?rest_route=\/wp\/v2\/posts\/20179","targetHints":{"allow":["GET"]}}],"collection":[{"href":"https:\/\/archive.sana.sy\/tr\/index.php?rest_route=\/wp\/v2\/posts"}],"about":[{"href":"https:\/\/archive.sana.sy\/tr\/index.php?rest_route=\/wp\/v2\/types\/post"}],"author":[{"embeddable":true,"href":"https:\/\/archive.sana.sy\/tr\/index.php?rest_route=\/wp\/v2\/users\/1"}],"replies":[{"embeddable":true,"href":"https:\/\/archive.sana.sy\/tr\/index.php?rest_route=%2Fwp%2Fv2%2Fcomments&post=20179"}],"version-history":[{"count":0,"href":"https:\/\/archive.sana.sy\/tr\/index.php?rest_route=\/wp\/v2\/posts\/20179\/revisions"}],"wp:featuredmedia":[{"embeddable":true,"href":"https:\/\/archive.sana.sy\/tr\/index.php?rest_route=\/wp\/v2\/media\/20180"}],"wp:attachment":[{"href":"https:\/\/archive.sana.sy\/tr\/index.php?rest_route=%2Fwp%2Fv2%2Fmedia&parent=20179"}],"wp:term":[{"taxonomy":"category","embeddable":true,"href":"https:\/\/archive.sana.sy\/tr\/index.php?rest_route=%2Fwp%2Fv2%2Fcategories&post=20179"},{"taxonomy":"post_tag","embeddable":true,"href":"https:\/\/archive.sana.sy\/tr\/index.php?rest_route=%2Fwp%2Fv2%2Ftags&post=20179"}],"curies":[{"name":"wp","href":"https:\/\/api.w.org\/{rel}","templated":true}]}}