{"id":201983,"date":"2020-02-10T23:03:47","date_gmt":"2020-02-10T21:03:47","guid":{"rendered":"http:\/\/www.sana.sy\/tr\/?p=201983"},"modified":"2020-02-11T16:16:26","modified_gmt":"2020-02-11T14:16:26","slug":"asya-federasyon-sampyonasinda-el-ceys-el-vesbe-0-0lik-berabere-kaldi","status":"publish","type":"post","link":"https:\/\/archive.sana.sy\/tr\/?p=201983","title":{"rendered":"Asya Federasyon \u015eampyonas\u0131\u2019nda el Cey\u015f \u2013 el Vesbe 0-0&#8217;l\u0131k Berabere Kald\u0131"},"content":{"rendered":"<p>AMMAN \u2013 El Asya Federasyon Futbol \u015eampyonas\u0131 a\u00e7\u0131l\u0131\u015f\u0131nda \u00dcrd\u00fcn ba\u015fkenti Amman\u2019da Kuveytli El Kuveyt ve L\u00fcbnanl\u0131 El Ensar tak\u0131mlar\u0131 i\u00e7eren 2. grupta oynayan Vesbe ile \u00dcrd\u00fcnl\u00fc El Feyseli tak\u0131mlar\u0131 0-0&#8217;l\u0131k berabere kald\u0131.<\/p>\n<p>El \u015earike Emareti\u2019nde L\u00fcbnanl\u0131 El Ahd ve Filistinli El Kuds tak\u0131mlar\u0131 i\u00e7eren 1. grupta oynayan Bahreynli El Mename \u2013 El Cey\u015f tak\u0131mlar\u0131 da 0-0&#8217;l\u0131k berabere kald\u0131.<\/p>\n<p>El Vesbe\u2019nin Cumhuriyet kupas\u0131n\u0131 ald\u0131ktan ve El Cey\u015f\u2019in ge\u00e7en sezonda s\u00fcperlig unvan\u0131n\u0131 ald\u0131ktan sonra, Cey\u015f ve El Vesbe ise, Asya Federasyon \u015eampyonas\u0131\u2019nda yerini tuttu.<\/p>\n<p>Kumeyt Yusuf<\/p>\n<p>&nbsp;<\/p>\n","protected":false},"excerpt":{"rendered":"<p>AMMAN \u2013 El Asya Federasyon Futbol \u015eampyonas\u0131 a\u00e7\u0131l\u0131\u015f\u0131nda \u00dcrd\u00fcn ba\u015fkenti Amman\u2019da Kuveytli El Kuveyt ve L\u00fcbnanl\u0131 El Ensar tak\u0131mlar\u0131 i\u00e7eren 2. grupta oynayan Vesbe ile \u00dcrd\u00fcnl\u00fc El Feyseli tak\u0131mlar\u0131 0-0&#8217;l\u0131k berabere kald\u0131. El \u015earike Emareti\u2019nde L\u00fcbnanl\u0131 El Ahd ve Filistinli El Kuds tak\u0131mlar\u0131 i\u00e7eren 1. grupta oynayan Bahreynli El Mename \u2013 El Cey\u015f tak\u0131mlar\u0131 da &hellip;<\/p>\n","protected":false},"author":1,"featured_media":201984,"comment_status":"closed","ping_status":"closed","sticky":false,"template":"","format":"standard","meta":{"footnotes":""},"categories":[498,17988,496],"tags":[],"class_list":["post-201983","post","type-post","status-publish","format-standard","has-post-thumbnail","","category-dunya-turnuvalari","category-son-haberler","category-spor"],"_links":{"self":[{"href":"https:\/\/archive.sana.sy\/tr\/index.php?rest_route=\/wp\/v2\/posts\/201983","targetHints":{"allow":["GET"]}}],"collection":[{"href":"https:\/\/archive.sana.sy\/tr\/index.php?rest_route=\/wp\/v2\/posts"}],"about":[{"href":"https:\/\/archive.sana.sy\/tr\/index.php?rest_route=\/wp\/v2\/types\/post"}],"author":[{"embeddable":true,"href":"https:\/\/archive.sana.sy\/tr\/index.php?rest_route=\/wp\/v2\/users\/1"}],"replies":[{"embeddable":true,"href":"https:\/\/archive.sana.sy\/tr\/index.php?rest_route=%2Fwp%2Fv2%2Fcomments&post=201983"}],"version-history":[{"count":0,"href":"https:\/\/archive.sana.sy\/tr\/index.php?rest_route=\/wp\/v2\/posts\/201983\/revisions"}],"wp:featuredmedia":[{"embeddable":true,"href":"https:\/\/archive.sana.sy\/tr\/index.php?rest_route=\/wp\/v2\/media\/201984"}],"wp:attachment":[{"href":"https:\/\/archive.sana.sy\/tr\/index.php?rest_route=%2Fwp%2Fv2%2Fmedia&parent=201983"}],"wp:term":[{"taxonomy":"category","embeddable":true,"href":"https:\/\/archive.sana.sy\/tr\/index.php?rest_route=%2Fwp%2Fv2%2Fcategories&post=201983"},{"taxonomy":"post_tag","embeddable":true,"href":"https:\/\/archive.sana.sy\/tr\/index.php?rest_route=%2Fwp%2Fv2%2Ftags&post=201983"}],"curies":[{"name":"wp","href":"https:\/\/api.w.org\/{rel}","templated":true}]}}