{"id":20199,"date":"2015-01-08T19:21:08","date_gmt":"2015-01-08T17:21:08","guid":{"rendered":"http:\/\/www.sana.sy\/tr\/?p=20199"},"modified":"2015-01-08T19:27:00","modified_gmt":"2015-01-08T17:27:00","slug":"isid-teroristleri-ogrenci-minibusunu-taradi","status":"publish","type":"post","link":"https:\/\/archive.sana.sy\/tr\/?p=20199","title":{"rendered":"I\u015e\u0130D Ter\u00f6ristleri \u00d6\u011frenci Minib\u00fcs\u00fcn\u00fc Tarad\u0131"},"content":{"rendered":"<p>DEYREZZOR \u2013 Deyrezzor k\u0131rsal\u0131n\u0131n bat\u0131s\u0131 B\u011fayliye K\u00f6y\u00fcnde I\u015e\u0130D ter\u00f6ristleri \u00f6\u011frencileri ta\u015f\u0131yan bir minib\u00fcse makineli silahlarla ate\u015f a\u00e7t\u0131.<\/p>\n<p>Deyrezzor Valili\u011finde bir kaynak SANA\u2019ya a\u00e7\u0131klamas\u0131nda; I\u015e\u0130D ter\u00f6ristlerinin Deyrezzor k\u0131rsal\u0131 B\u011fayliye K\u00f6y\u00fcndeki \u00d6zel Cezire \u00dcniversitenin merkezinden yola \u00e7\u0131kan ve \u00fcniversite \u00f6\u011frencilerini ta\u015f\u0131yan minib\u00fcse makineli silahlarla sald\u0131rd\u0131klar\u0131n\u0131 s\u00f6yledi.<\/p>\n<p>Kaynak ter\u00f6ristlerin hain sald\u0131r\u0131s\u0131nda Muhammed Macit el Abbdu adl\u0131 \u00f6\u011frencinin \u015fehit, bir di\u011fer \u00f6\u011frencinin de yaral\u0131 d\u00fc\u015ft\u00fcklerini belirtti.<\/p>\n","protected":false},"excerpt":{"rendered":"<p>DEYREZZOR \u2013 Deyrezzor k\u0131rsal\u0131n\u0131n bat\u0131s\u0131 B\u011fayliye K\u00f6y\u00fcnde I\u015e\u0130D ter\u00f6ristleri \u00f6\u011frencileri ta\u015f\u0131yan bir minib\u00fcse makineli silahlarla ate\u015f a\u00e7t\u0131. Deyrezzor Valili\u011finde bir kaynak SANA\u2019ya a\u00e7\u0131klamas\u0131nda; I\u015e\u0130D ter\u00f6ristlerinin Deyrezzor k\u0131rsal\u0131 B\u011fayliye K\u00f6y\u00fcndeki \u00d6zel Cezire \u00dcniversitenin merkezinden yola \u00e7\u0131kan ve \u00fcniversite \u00f6\u011frencilerini ta\u015f\u0131yan minib\u00fcse makineli silahlarla sald\u0131rd\u0131klar\u0131n\u0131 s\u00f6yledi. Kaynak ter\u00f6ristlerin hain sald\u0131r\u0131s\u0131nda Muhammed Macit el Abbdu adl\u0131 \u00f6\u011frencinin \u015fehit, &hellip;<\/p>\n","protected":false},"author":1,"featured_media":4436,"comment_status":"closed","ping_status":"closed","sticky":false,"template":"","format":"standard","meta":{"footnotes":""},"categories":[575],"tags":[9658,9657],"class_list":["post-20199","post","type-post","status-publish","format-standard","has-post-thumbnail","","category-olaylar-ve-gercekler","tag-bir-diger-ogrencinin-de-yarali-dustuklerini-belirtti","tag-isid-teroristleri-ogrenci-minibusunu-taradi-deyrezzor-deyrezzor-kirsalinin-batisi-bgayliye-koyunde-isid-teroristleri-ogrencileri-tasiyan-bir-minibuse-makineli-silahlarla-ates-acti-deyrezzor"],"_links":{"self":[{"href":"https:\/\/archive.sana.sy\/tr\/index.php?rest_route=\/wp\/v2\/posts\/20199","targetHints":{"allow":["GET"]}}],"collection":[{"href":"https:\/\/archive.sana.sy\/tr\/index.php?rest_route=\/wp\/v2\/posts"}],"about":[{"href":"https:\/\/archive.sana.sy\/tr\/index.php?rest_route=\/wp\/v2\/types\/post"}],"author":[{"embeddable":true,"href":"https:\/\/archive.sana.sy\/tr\/index.php?rest_route=\/wp\/v2\/users\/1"}],"replies":[{"embeddable":true,"href":"https:\/\/archive.sana.sy\/tr\/index.php?rest_route=%2Fwp%2Fv2%2Fcomments&post=20199"}],"version-history":[{"count":0,"href":"https:\/\/archive.sana.sy\/tr\/index.php?rest_route=\/wp\/v2\/posts\/20199\/revisions"}],"wp:featuredmedia":[{"embeddable":true,"href":"https:\/\/archive.sana.sy\/tr\/index.php?rest_route=\/wp\/v2\/media\/4436"}],"wp:attachment":[{"href":"https:\/\/archive.sana.sy\/tr\/index.php?rest_route=%2Fwp%2Fv2%2Fmedia&parent=20199"}],"wp:term":[{"taxonomy":"category","embeddable":true,"href":"https:\/\/archive.sana.sy\/tr\/index.php?rest_route=%2Fwp%2Fv2%2Fcategories&post=20199"},{"taxonomy":"post_tag","embeddable":true,"href":"https:\/\/archive.sana.sy\/tr\/index.php?rest_route=%2Fwp%2Fv2%2Ftags&post=20199"}],"curies":[{"name":"wp","href":"https:\/\/api.w.org\/{rel}","templated":true}]}}