{"id":202011,"date":"2020-02-11T14:25:15","date_gmt":"2020-02-11T12:25:15","guid":{"rendered":"http:\/\/www.sana.sy\/tr\/?p=202011"},"modified":"2020-02-12T10:24:27","modified_gmt":"2020-02-12T08:24:27","slug":"hasekedeki-rabiya-ve-mceybret-serabbin-koyleri-isgalci-turk-kuvvetleri-ve-kiralik-teroristlerin-saldirisina-maruz-kaldi","status":"publish","type":"post","link":"https:\/\/archive.sana.sy\/tr\/?p=202011","title":{"rendered":"Haseke&#8217;deki Rabiya ve Mceybret \u015eerabbin K\u00f6yleri \u0130\u015fgalci T\u00fcrk Kuvvetleri ve Kiral\u0131k Ter\u00f6ristlerinin Sald\u0131r\u0131s\u0131na Maruz Kald\u0131"},"content":{"rendered":"<p>HASEKE \u2013 \u0130\u015fgalci T\u00fcrk kuvvetleri ve onlara tabi kiral\u0131k ter\u00f6ristler Haseke k\u0131rsal\u0131n\u0131n kuzeyinde yer alan Rabiya ve Mceybret \u015eerabbin k\u00f6ylerini top\u00e7u at\u0131\u015f\u0131yla sald\u0131r\u0131p ayn\u0131 zamanda s\u0131n\u0131r noktas\u0131nda bulunan Sukkariye K\u00f6y\u00fcnden onlarca ter\u00f6ristleri ta\u015f\u0131yan bir konvoyu iletti.<\/p>\n<p>SANA\u2019n\u0131n Haseke muhabiri; i\u015fgalci T\u00fcrk kuvvetlerinin ve onlara tabi kiral\u0131k ter\u00f6ristlerin Haseke k\u0131rsal\u0131n\u0131n kuzeyinde yer alan ve Malikiye Nahiyesine tabi Rabiya K\u00f6y\u00fcn\u00fc top\u00e7u at\u0131\u015f\u0131yla sald\u0131rd\u0131klar\u0131n\u0131 belirtti. Muhabir; Haseke k\u0131rsal\u0131n\u0131n bat\u0131s\u0131ndaki Tel Temr Beldesinin do\u011fusunda yer alan Mceybret \u015eerabbin K\u00f6y\u00fcn\u00fcn de i\u015fgalci T\u00fcrk kuvvetleri ve kiral\u0131k ter\u00f6ristleri taraf\u0131ndan yap\u0131lan havan sald\u0131r\u0131s\u0131na maruz kald\u0131\u011f\u0131n\u0131 belirtti.<\/p>\n<p>Muhabir; i\u015fgalci T\u00fcrk kuvvetlerine tabi 2 tank\u0131n e\u015flik etti\u011fi ve 12 arabadan olu\u015fan bir konvoyun T\u00fcrkiye ile s\u0131n\u0131r yak\u0131n\u0131nda bulunan Sukkariye K\u00f6y\u00fcnden girip g\u00fcneyde Bab el Heyr, Davudiye ve Tel Muhammed k\u00f6ylerine do\u011fru hareket etti\u011fine i\u015faret etti. Muhabir; konvoyda i\u015fgalci T\u00fcrk kuvvetlerinin emrinde \u00e7al\u0131\u015fan onlarca ter\u00f6ristlerin bulundu\u011funu ekledi.<\/p>\n<p>Muhabir ayr\u0131ca; T\u00fcrk konvoyun giri\u015fine e\u015f zamanl\u0131 olarak Ebu Rasin Beldesinin g\u00fcneyindeki baz\u0131 k\u00f6ylerde DSG gruplar\u0131 ve i\u015fgalci T\u00fcrk kuvvetlerine tabi kiral\u0131k ter\u00f6ristler aras\u0131nda \u00e7at\u0131\u015fmalar\u0131n yer ald\u0131\u011f\u0131na dikkat \u00e7ekti.<\/p>\n<p>\u00c7eviri: P.M.<\/p>\n","protected":false},"excerpt":{"rendered":"<p>HASEKE \u2013 \u0130\u015fgalci T\u00fcrk kuvvetleri ve onlara tabi kiral\u0131k ter\u00f6ristler Haseke k\u0131rsal\u0131n\u0131n kuzeyinde yer alan Rabiya ve Mceybret \u015eerabbin k\u00f6ylerini top\u00e7u at\u0131\u015f\u0131yla sald\u0131r\u0131p ayn\u0131 zamanda s\u0131n\u0131r noktas\u0131nda bulunan Sukkariye K\u00f6y\u00fcnden onlarca ter\u00f6ristleri ta\u015f\u0131yan bir konvoyu iletti. SANA\u2019n\u0131n Haseke muhabiri; i\u015fgalci T\u00fcrk kuvvetlerinin ve onlara tabi kiral\u0131k ter\u00f6ristlerin Haseke k\u0131rsal\u0131n\u0131n kuzeyinde yer alan ve Malikiye Nahiyesine &hellip;<\/p>\n","protected":false},"author":1,"featured_media":202012,"comment_status":"closed","ping_status":"closed","sticky":false,"template":"","format":"standard","meta":{"footnotes":""},"categories":[479,575,17988,2554,2555,478],"tags":[],"class_list":["post-202011","post","type-post","status-publish","format-standard","has-post-thumbnail","","category-haberler-yerel","category-olaylar-ve-gercekler","category-son-haberler","category-suriye-ve-dunya","category-suriye-ve-turkiye","category-yerel"],"_links":{"self":[{"href":"https:\/\/archive.sana.sy\/tr\/index.php?rest_route=\/wp\/v2\/posts\/202011","targetHints":{"allow":["GET"]}}],"collection":[{"href":"https:\/\/archive.sana.sy\/tr\/index.php?rest_route=\/wp\/v2\/posts"}],"about":[{"href":"https:\/\/archive.sana.sy\/tr\/index.php?rest_route=\/wp\/v2\/types\/post"}],"author":[{"embeddable":true,"href":"https:\/\/archive.sana.sy\/tr\/index.php?rest_route=\/wp\/v2\/users\/1"}],"replies":[{"embeddable":true,"href":"https:\/\/archive.sana.sy\/tr\/index.php?rest_route=%2Fwp%2Fv2%2Fcomments&post=202011"}],"version-history":[{"count":0,"href":"https:\/\/archive.sana.sy\/tr\/index.php?rest_route=\/wp\/v2\/posts\/202011\/revisions"}],"wp:featuredmedia":[{"embeddable":true,"href":"https:\/\/archive.sana.sy\/tr\/index.php?rest_route=\/wp\/v2\/media\/202012"}],"wp:attachment":[{"href":"https:\/\/archive.sana.sy\/tr\/index.php?rest_route=%2Fwp%2Fv2%2Fmedia&parent=202011"}],"wp:term":[{"taxonomy":"category","embeddable":true,"href":"https:\/\/archive.sana.sy\/tr\/index.php?rest_route=%2Fwp%2Fv2%2Fcategories&post=202011"},{"taxonomy":"post_tag","embeddable":true,"href":"https:\/\/archive.sana.sy\/tr\/index.php?rest_route=%2Fwp%2Fv2%2Ftags&post=202011"}],"curies":[{"name":"wp","href":"https:\/\/api.w.org\/{rel}","templated":true}]}}