{"id":20203,"date":"2015-01-08T20:25:17","date_gmt":"2015-01-08T18:25:17","guid":{"rendered":"http:\/\/sana.sy\/tr\/?p=20203"},"modified":"2015-01-08T20:31:54","modified_gmt":"2015-01-08T18:31:54","slug":"valilik-teror-magdurlarina-yardim-calismalarini-yogunlastiracak","status":"publish","type":"post","link":"https:\/\/archive.sana.sy\/tr\/?p=20203","title":{"rendered":"Valilik Ter\u00f6r Ma\u011fdurlar\u0131na Yard\u0131m \u00c7al\u0131\u015fmalar\u0131n\u0131 Yo\u011funla\u015ft\u0131racak"},"content":{"rendered":"<p>HASEKE \u2013 Haseke Valisi Muhammed Zeal el Ali; valili\u011fin bir dizi sivil toplum \u00f6rg\u00fct\u00fc ve resmi kurum ile i\u015fbirli\u011fi i\u00e7erisinde ge\u00e7ti\u011fimiz y\u0131l s\u00fcresince toplam 160 bin g\u0131da sepeti ve g\u0131da d\u0131\u015f\u0131nda binlerce yard\u0131m sepetini ihtiya\u00e7 sahiplerine da\u011f\u0131tt\u0131\u011f\u0131n\u0131 ifade etti.<\/p>\n<p><a href=\"http:\/\/sana.sy\/tr\/wp-content\/uploads\/2015\/01\/Haseke.jpg\"><img loading=\"lazy\" decoding=\"async\" class=\"alignright wp-image-20205 size-medium\" src=\"http:\/\/sana.sy\/tr\/wp-content\/uploads\/2015\/01\/Haseke-300x186.jpg\" alt=\"Haseke\" width=\"300\" height=\"186\" srcset=\"https:\/\/archive.sana.sy\/tr\/wp-content\/uploads\/2015\/01\/Haseke-300x186.jpg 300w, https:\/\/archive.sana.sy\/tr\/wp-content\/uploads\/2015\/01\/Haseke-150x93.jpg 150w, https:\/\/archive.sana.sy\/tr\/wp-content\/uploads\/2015\/01\/Haseke-1024x635.jpg 1024w\" sizes=\"auto, (max-width: 300px) 100vw, 300px\" \/><\/a>Yard\u0131m Komisyonu \u00dcyeleri ile bug\u00fcn d\u00fczenledi\u011fi toplant\u0131da valili\u011fin ilgili kurumlarla i\u015fbirli\u011fi i\u00e7erisinde yard\u0131m \u00e7al\u0131\u015fmalar\u0131n\u0131 yo\u011funla\u015ft\u0131raca\u011f\u0131na i\u015faret eden Ali; ter\u00f6r olaylar\u0131 nedeniyle evlerini ve topraklar\u0131n\u0131 terk etmek zorunda kalan vatanda\u015flar ve b\u00fct\u00fcn ter\u00f6r ma\u011fduru ailelerin ihtiya\u00e7lar\u0131n\u0131n kar\u015f\u0131lanmas\u0131na b\u00fcy\u00fck bir \u00f6nem verildi\u011finin alt\u0131n\u0131 \u00e7izdi.<\/p>\n<p>\u00d6te yandan Valilikte Sosyal \u0130\u015fler M\u00fcd\u00fcr\u00fc \u0130sam el H\u00fcseyin, ge\u00e7ti\u011fimiz hafta i\u00e7erisinde Haseke iline D\u00fcnya Sa\u011fl\u0131k \u00d6rg\u00fct\u00fc taraf\u0131ndan g\u00f6nderilen 46 bin g\u0131da yard\u0131m sepetinin ula\u015ft\u0131\u011f\u0131n\u0131 ifade etti.<\/p>\n<p>Kam\u0131\u015fl\u0131 Hava Alan\u0131na ge\u00e7ti\u011fimiz iki g\u00fcn i\u00e7erisinde yard\u0131m ta\u015f\u0131yan 4 u\u00e7a\u011f\u0131n ula\u015ft\u0131\u011f\u0131na de\u011finen H\u00fcseyin; u\u00e7aklarda t\u0131bbi yard\u0131m, battaniye ve un gibi temel ihtiya\u00e7 malzemeleri bulundu\u011funu belirtti.<\/p>\n<p>&nbsp;<\/p>\n","protected":false},"excerpt":{"rendered":"<p>HASEKE \u2013 Haseke Valisi Muhammed Zeal el Ali; valili\u011fin bir dizi sivil toplum \u00f6rg\u00fct\u00fc ve resmi kurum ile i\u015fbirli\u011fi i\u00e7erisinde ge\u00e7ti\u011fimiz y\u0131l s\u00fcresince toplam 160 bin g\u0131da sepeti ve g\u0131da d\u0131\u015f\u0131nda binlerce yard\u0131m sepetini ihtiya\u00e7 sahiplerine da\u011f\u0131tt\u0131\u011f\u0131n\u0131 ifade etti. Yard\u0131m Komisyonu \u00dcyeleri ile bug\u00fcn d\u00fczenledi\u011fi toplant\u0131da valili\u011fin ilgili kurumlarla i\u015fbirli\u011fi i\u00e7erisinde yard\u0131m \u00e7al\u0131\u015fmalar\u0131n\u0131 yo\u011funla\u015ft\u0131raca\u011f\u0131na i\u015faret &hellip;<\/p>\n","protected":false},"author":1,"featured_media":20204,"comment_status":"closed","ping_status":"closed","sticky":false,"template":"","format":"standard","meta":{"footnotes":""},"categories":[479,478],"tags":[9661,9660,9659],"class_list":["post-20203","post","type-post","status-publish","format-standard","has-post-thumbnail","","category-haberler-yerel","category-yerel","tag-battaniye-ve-un-gibi-temel-ihtiyac-malzemeleri-bulundugunu-belirtti","tag-gectigimiz-hafta-icerisinde-haseke-iline-dunya-saglik-orgutu-tarafindan-gonderilen-46-bin-gida-yardim-sepetinin-ulastigini-ifade-etti-kamisli-hava-alanina-gectigimiz-iki-gun-icerisinde-yardim-tasiyan","tag-valilik-teror-magdurlarina-yardim-calismalarini-yogunlastiracak-haseke-haseke-valisi-muhammed-zeal-el-ali-valiligin-bir-dizi-sivil-toplum-orgutu-ve-resmi-kurum-ile-isbirligi-icerisinde-gect"],"_links":{"self":[{"href":"https:\/\/archive.sana.sy\/tr\/index.php?rest_route=\/wp\/v2\/posts\/20203","targetHints":{"allow":["GET"]}}],"collection":[{"href":"https:\/\/archive.sana.sy\/tr\/index.php?rest_route=\/wp\/v2\/posts"}],"about":[{"href":"https:\/\/archive.sana.sy\/tr\/index.php?rest_route=\/wp\/v2\/types\/post"}],"author":[{"embeddable":true,"href":"https:\/\/archive.sana.sy\/tr\/index.php?rest_route=\/wp\/v2\/users\/1"}],"replies":[{"embeddable":true,"href":"https:\/\/archive.sana.sy\/tr\/index.php?rest_route=%2Fwp%2Fv2%2Fcomments&post=20203"}],"version-history":[{"count":0,"href":"https:\/\/archive.sana.sy\/tr\/index.php?rest_route=\/wp\/v2\/posts\/20203\/revisions"}],"wp:featuredmedia":[{"embeddable":true,"href":"https:\/\/archive.sana.sy\/tr\/index.php?rest_route=\/wp\/v2\/media\/20204"}],"wp:attachment":[{"href":"https:\/\/archive.sana.sy\/tr\/index.php?rest_route=%2Fwp%2Fv2%2Fmedia&parent=20203"}],"wp:term":[{"taxonomy":"category","embeddable":true,"href":"https:\/\/archive.sana.sy\/tr\/index.php?rest_route=%2Fwp%2Fv2%2Fcategories&post=20203"},{"taxonomy":"post_tag","embeddable":true,"href":"https:\/\/archive.sana.sy\/tr\/index.php?rest_route=%2Fwp%2Fv2%2Ftags&post=20203"}],"curies":[{"name":"wp","href":"https:\/\/api.w.org\/{rel}","templated":true}]}}