{"id":20207,"date":"2015-01-08T20:33:22","date_gmt":"2015-01-08T18:33:22","guid":{"rendered":"http:\/\/sana.sy\/tr\/?p=20207"},"modified":"2015-01-08T20:33:22","modified_gmt":"2015-01-08T18:33:22","slug":"berri-buyukelci-ile-gundem-konularini-gorustu","status":"publish","type":"post","link":"https:\/\/archive.sana.sy\/tr\/?p=20207","title":{"rendered":"Berri B\u00fcy\u00fckel\u00e7i ile G\u00fcndem Konular\u0131n\u0131 G\u00f6r\u00fc\u015ft\u00fc"},"content":{"rendered":"<p>BEYRUT \u2013 L\u00fcbnan Parlamentosu Ba\u015fkan\u0131 Nebih Berri bug\u00fcn Suriye&#8217;nin Beyrut B\u00fcy\u00fckel\u00e7isi Ali Abd\u00fclkerim ile g\u00fcndemdeki durumlar ve iki \u00fclke aras\u0131ndaki ili\u015fkileri masaya yat\u0131rd\u0131.<\/p>\n<p>G\u00f6r\u00fc\u015fmenin ard\u0131ndan bas\u0131na a\u00e7\u0131klama yapan Abd\u00fclkerim; Berri ile g\u00f6r\u00fc\u015fmesinde \u2018s\u0131n\u0131rdaki son geli\u015fmelere\u2019 odakland\u0131klar\u0131n\u0131 s\u00f6yledi.<\/p>\n<p>Abd\u00fclkerim Berri\u2019nin g\u00f6r\u00fc\u015fmede Bat\u0131l\u0131 devletler ve \u0130srail&#8217;in oynad\u0131klar\u0131 bahisin Suriye&#8217;nin g\u00fc\u00e7l\u00fc m\u00fccadelesi sayesinde kaybedece\u011fini ifade ederken, ter\u00f6re kar\u015f\u0131 saferde Suriye ve L\u00fcbnan&#8217;\u0131n birbirleriyle b\u00fct\u00fcnle\u015fmeleri gere\u011fine vurgu yapt\u0131\u011f\u0131n\u0131 s\u00f6yledi.<\/p>\n","protected":false},"excerpt":{"rendered":"<p>BEYRUT \u2013 L\u00fcbnan Parlamentosu Ba\u015fkan\u0131 Nebih Berri bug\u00fcn Suriye&#8217;nin Beyrut B\u00fcy\u00fckel\u00e7isi Ali Abd\u00fclkerim ile g\u00fcndemdeki durumlar ve iki \u00fclke aras\u0131ndaki ili\u015fkileri masaya yat\u0131rd\u0131. G\u00f6r\u00fc\u015fmenin ard\u0131ndan bas\u0131na a\u00e7\u0131klama yapan Abd\u00fclkerim; Berri ile g\u00f6r\u00fc\u015fmesinde \u2018s\u0131n\u0131rdaki son geli\u015fmelere\u2019 odakland\u0131klar\u0131n\u0131 s\u00f6yledi. Abd\u00fclkerim Berri\u2019nin g\u00f6r\u00fc\u015fmede Bat\u0131l\u0131 devletler ve \u0130srail&#8217;in oynad\u0131klar\u0131 bahisin Suriye&#8217;nin g\u00fc\u00e7l\u00fc m\u00fccadelesi sayesinde kaybedece\u011fini ifade ederken, ter\u00f6re kar\u015f\u0131 &hellip;<\/p>\n","protected":false},"author":1,"featured_media":20208,"comment_status":"closed","ping_status":"closed","sticky":false,"template":"","format":"standard","meta":{"footnotes":""},"categories":[458,459,447],"tags":[9662,9663],"class_list":["post-20207","post","type-post","status-publish","format-standard","has-post-thumbnail","","category-dunya1","category-haberler-arap-uluslararasi-politika","category-politika","tag-berri-buyukelci-ile-gundem-konularini-gorustu-beyrut-lubnan-parlamentosu-baskani-nebih-berri-bugun-suriyenin-beyrut-buyukelcisi-ali-abdulkerim-ile-gundemdeki-durumlar-ve-iki-ulke-arasindaki","tag-terore-karsi-saferde-suriye-ve-lubnanin-birbirleriyle-butunlesmeleri-geregine-vurgu-yaptigini-soyledi"],"_links":{"self":[{"href":"https:\/\/archive.sana.sy\/tr\/index.php?rest_route=\/wp\/v2\/posts\/20207","targetHints":{"allow":["GET"]}}],"collection":[{"href":"https:\/\/archive.sana.sy\/tr\/index.php?rest_route=\/wp\/v2\/posts"}],"about":[{"href":"https:\/\/archive.sana.sy\/tr\/index.php?rest_route=\/wp\/v2\/types\/post"}],"author":[{"embeddable":true,"href":"https:\/\/archive.sana.sy\/tr\/index.php?rest_route=\/wp\/v2\/users\/1"}],"replies":[{"embeddable":true,"href":"https:\/\/archive.sana.sy\/tr\/index.php?rest_route=%2Fwp%2Fv2%2Fcomments&post=20207"}],"version-history":[{"count":0,"href":"https:\/\/archive.sana.sy\/tr\/index.php?rest_route=\/wp\/v2\/posts\/20207\/revisions"}],"wp:featuredmedia":[{"embeddable":true,"href":"https:\/\/archive.sana.sy\/tr\/index.php?rest_route=\/wp\/v2\/media\/20208"}],"wp:attachment":[{"href":"https:\/\/archive.sana.sy\/tr\/index.php?rest_route=%2Fwp%2Fv2%2Fmedia&parent=20207"}],"wp:term":[{"taxonomy":"category","embeddable":true,"href":"https:\/\/archive.sana.sy\/tr\/index.php?rest_route=%2Fwp%2Fv2%2Fcategories&post=20207"},{"taxonomy":"post_tag","embeddable":true,"href":"https:\/\/archive.sana.sy\/tr\/index.php?rest_route=%2Fwp%2Fv2%2Ftags&post=20207"}],"curies":[{"name":"wp","href":"https:\/\/api.w.org\/{rel}","templated":true}]}}