{"id":20210,"date":"2015-01-08T20:40:17","date_gmt":"2015-01-08T18:40:17","guid":{"rendered":"http:\/\/sana.sy\/tr\/?p=20210"},"modified":"2015-01-08T20:40:17","modified_gmt":"2015-01-08T18:40:17","slug":"zoubi-bakanlik-gazeteciler-birligi-ile-isbirligini-surdurecek","status":"publish","type":"post","link":"https:\/\/archive.sana.sy\/tr\/?p=20210","title":{"rendered":"Zoubi: Bakanl\u0131k Gazeteciler Birli\u011fi \u0130le \u0130\u015fbirli\u011fini S\u00fcrd\u00fcrecek"},"content":{"rendered":"<p>\u015eAM \u2013 Enformasyon Bakan\u0131 Omran el Zoubi, Gazeteciler Birli\u011fi Ba\u015fkan\u0131 \u0130lyas Murat ve y\u00f6netim kurulu \u00fcyeleriyle bir araya geldi.<\/p>\n<p>Gazeteciler Birli\u011finin \u00e7al\u0131\u015fmalar\u0131yla ilgili sorunlar\u0131n tart\u0131\u015f\u0131ld\u0131\u011f\u0131 toplant\u0131da, birli\u011fin daha geni\u015f kapsaml\u0131 ba\u015far\u0131lar sa\u011flamas\u0131 amac\u0131yla \u00e7al\u0131\u015fmalar\u0131n\u0131n desteklenmesi y\u00f6ntemleri incelendi.<\/p>\n<p>Bakanl\u0131k ve kurumlar\u0131n\u0131n, gazeteciler birli\u011finin \u00e7al\u0131\u015fmalar\u0131n\u0131 desteklemek ve hem mesleki hem de idari alt yap\u0131s\u0131n\u0131 g\u00fc\u00e7lendirmek amac\u0131yla yapt\u0131klar\u0131 \u00e7al\u0131\u015fmalara ili\u015fkin bilgi veren Zoubi; bakanl\u0131\u011f\u0131n, Gazeteciler birli\u011fi ile bas\u0131n \u00e7al\u0131\u015fmalar\u0131n\u0131 geli\u015ftirmek i\u00e7in i\u015fbirli\u011fini s\u00fcrd\u00fcrd\u00fc\u011f\u00fcn\u00fcn alt\u0131n\u0131 \u00e7izdi.<\/p>\n","protected":false},"excerpt":{"rendered":"<p>\u015eAM \u2013 Enformasyon Bakan\u0131 Omran el Zoubi, Gazeteciler Birli\u011fi Ba\u015fkan\u0131 \u0130lyas Murat ve y\u00f6netim kurulu \u00fcyeleriyle bir araya geldi. Gazeteciler Birli\u011finin \u00e7al\u0131\u015fmalar\u0131yla ilgili sorunlar\u0131n tart\u0131\u015f\u0131ld\u0131\u011f\u0131 toplant\u0131da, birli\u011fin daha geni\u015f kapsaml\u0131 ba\u015far\u0131lar sa\u011flamas\u0131 amac\u0131yla \u00e7al\u0131\u015fmalar\u0131n\u0131n desteklenmesi y\u00f6ntemleri incelendi. Bakanl\u0131k ve kurumlar\u0131n\u0131n, gazeteciler birli\u011finin \u00e7al\u0131\u015fmalar\u0131n\u0131 desteklemek ve hem mesleki hem de idari alt yap\u0131s\u0131n\u0131 g\u00fc\u00e7lendirmek amac\u0131yla yapt\u0131klar\u0131 &hellip;<\/p>\n","protected":false},"author":1,"featured_media":9624,"comment_status":"closed","ping_status":"closed","sticky":false,"template":"","format":"standard","meta":{"footnotes":""},"categories":[479,478],"tags":[9666,9665,9668,9667,9664],"class_list":["post-20210","post","type-post","status-publish","format-standard","has-post-thumbnail","","category-haberler-yerel","category-yerel","tag-birligin-daha-genis-kapsamli-basarilar-saglamasi-amaciyla-calismalarinin-desteklenmesi-yontemleri-incelendi-bakanlik-ve-kurumlarinin","tag-gazeteciler-birligi-baskani-ilyas-murat-ve-yonetim-kurulu-uyeleriyle-bir-araya-geldi-gazeteciler-birliginin-calismalariyla-ilgili-sorunlarin-tartisildigi-toplantida","tag-gazeteciler-birligi-ile-basin-calismalarini-gelistirmek-icin-isbirligini-surdurdugunun-altini-cizdi","tag-gazeteciler-birliginin-calismalarini-desteklemek-ve-hem-mesleki-hem-de-idari-alt-yapisini-guclendirmek-amaciyla-yaptiklari-calismalara-iliskin-bilgi-veren-zoubi-bakanligin","tag-zoubi-bakanlik-gazeteciler-birligi-ile-isbirligini-surdurecek-sam-enformasyon-bakani-omran-el-zoubi"],"_links":{"self":[{"href":"https:\/\/archive.sana.sy\/tr\/index.php?rest_route=\/wp\/v2\/posts\/20210","targetHints":{"allow":["GET"]}}],"collection":[{"href":"https:\/\/archive.sana.sy\/tr\/index.php?rest_route=\/wp\/v2\/posts"}],"about":[{"href":"https:\/\/archive.sana.sy\/tr\/index.php?rest_route=\/wp\/v2\/types\/post"}],"author":[{"embeddable":true,"href":"https:\/\/archive.sana.sy\/tr\/index.php?rest_route=\/wp\/v2\/users\/1"}],"replies":[{"embeddable":true,"href":"https:\/\/archive.sana.sy\/tr\/index.php?rest_route=%2Fwp%2Fv2%2Fcomments&post=20210"}],"version-history":[{"count":0,"href":"https:\/\/archive.sana.sy\/tr\/index.php?rest_route=\/wp\/v2\/posts\/20210\/revisions"}],"wp:featuredmedia":[{"embeddable":true,"href":"https:\/\/archive.sana.sy\/tr\/index.php?rest_route=\/wp\/v2\/media\/9624"}],"wp:attachment":[{"href":"https:\/\/archive.sana.sy\/tr\/index.php?rest_route=%2Fwp%2Fv2%2Fmedia&parent=20210"}],"wp:term":[{"taxonomy":"category","embeddable":true,"href":"https:\/\/archive.sana.sy\/tr\/index.php?rest_route=%2Fwp%2Fv2%2Fcategories&post=20210"},{"taxonomy":"post_tag","embeddable":true,"href":"https:\/\/archive.sana.sy\/tr\/index.php?rest_route=%2Fwp%2Fv2%2Ftags&post=20210"}],"curies":[{"name":"wp","href":"https:\/\/api.w.org\/{rel}","templated":true}]}}