{"id":20212,"date":"2015-01-08T21:06:57","date_gmt":"2015-01-08T19:06:57","guid":{"rendered":"http:\/\/sana.sy\/tr\/?p=20212"},"modified":"2015-01-08T21:06:57","modified_gmt":"2015-01-08T19:06:57","slug":"insan-haklari-sebekesi-charlie-hebdo-gazetesinin-hedef-alinmasini-kinadi","status":"publish","type":"post","link":"https:\/\/archive.sana.sy\/tr\/?p=20212","title":{"rendered":"\u0130nsan Haklar\u0131 \u015eebekesi Charlie Hebdo Gazetesinin Hedef Al\u0131nmas\u0131n\u0131 K\u0131nad\u0131"},"content":{"rendered":"<p>\u015eAM \u2013 Suriye \u0130nsan Haklar\u0131 \u015eebekesi , Paris\u2019in ortas\u0131nda Charlie Hebdo gazetesini hedef alan sald\u0131r\u0131y\u0131 k\u0131nayarak bu sald\u0131r\u0131n\u0131n bas\u0131n ve ifade \u00f6zg\u00fcrl\u00fc\u011f\u00fcn\u00fcn aleni bir \u015fekilde hedef al\u0131nd\u0131\u011f\u0131n\u0131n bir yans\u0131mas\u0131 oldu\u011funu belirtti.<\/p>\n<p>Suriye \u0130nsan Haklar\u0131 \u015eebekesi Ba\u015fkan\u0131 Ahmet Hazim, SANA\u2019ya yapt\u0131\u011f\u0131 a\u00e7\u0131klamada, gazeteyi hedef alan ter\u00f6r sald\u0131r\u0131s\u0131n\u0131n sald\u0131rgan ter\u00f6ristlerin b\u00fct\u00fcn d\u00fcnyadaki kimli\u011finin tek oldu\u011funu a\u00e7\u0131k\u00e7a ortaya koydu\u011funu dile getirdi.<\/p>\n<p>Ter\u00f6r\u00fc finanse eden devletlerin er ya da ge\u00e7 ter\u00f6r\u00fcn insanl\u0131k d\u0131\u015f\u0131 ve felaket sonu\u00e7lar\u0131ndan nasibini alaca\u011f\u0131na dikkat \u00e7eken Hazim; bu sald\u0131r\u0131n\u0131n ayn\u0131 zamanda uluslararas\u0131 toplumun ter\u00f6rle m\u00fccadelede yanl\u0131\u015f y\u00f6ntem izledi\u011finin bir kan\u0131t\u0131 oldu\u011funu belirtti.<\/p>\n<p>Hat\u0131rlanaca\u011f\u0131 \u00fczere Paris\u2019te Charlie Hebdo gazetesini hedef alan bir ter\u00f6r sald\u0131r\u0131s\u0131 sonucu 12 ki\u015fi hayat\u0131n\u0131 kaybetmi\u015fti.<\/p>\n","protected":false},"excerpt":{"rendered":"<p>\u015eAM \u2013 Suriye \u0130nsan Haklar\u0131 \u015eebekesi , Paris\u2019in ortas\u0131nda Charlie Hebdo gazetesini hedef alan sald\u0131r\u0131y\u0131 k\u0131nayarak bu sald\u0131r\u0131n\u0131n bas\u0131n ve ifade \u00f6zg\u00fcrl\u00fc\u011f\u00fcn\u00fcn aleni bir \u015fekilde hedef al\u0131nd\u0131\u011f\u0131n\u0131n bir yans\u0131mas\u0131 oldu\u011funu belirtti. Suriye \u0130nsan Haklar\u0131 \u015eebekesi Ba\u015fkan\u0131 Ahmet Hazim, SANA\u2019ya yapt\u0131\u011f\u0131 a\u00e7\u0131klamada, gazeteyi hedef alan ter\u00f6r sald\u0131r\u0131s\u0131n\u0131n sald\u0131rgan ter\u00f6ristlerin b\u00fct\u00fcn d\u00fcnyadaki kimli\u011finin tek oldu\u011funu a\u00e7\u0131k\u00e7a ortaya &hellip;<\/p>\n","protected":false},"author":1,"featured_media":20213,"comment_status":"closed","ping_status":"closed","sticky":false,"template":"","format":"standard","meta":{"footnotes":""},"categories":[479,447,478],"tags":[9671,9669,9670,8726],"class_list":["post-20212","post","type-post","status-publish","format-standard","has-post-thumbnail","","category-haberler-yerel","category-politika","category-yerel","tag-gazeteyi-hedef-alan-teror-saldirisinin-saldirgan-teroristlerin-butun-dunyadaki-kimliginin-tek-oldugunu-acikca-ortaya-koydugunu-dile-getirdi-teroru-finanse-eden-devletlerin-er-ya-da-gec-terorun-insanl","tag-insan-haklari-sebekesi-charlie-hebdo-gazetesinin-hedef-alinmasini-kinadi-sam-suriye-insan-haklari-sebekesi","tag-parisin-ortasinda-charlie-hebdo-gazetesini-hedef-alan-saldiriyi-kinayarak-bu-saldirinin-basin-ve-ifade-ozgurlugunun-aleni-bir-sekilde-hedef-alindiginin-bir-yansimasi-oldugunu-belirtti-suriye","tag-sanaya-yaptigi-aciklamada"],"_links":{"self":[{"href":"https:\/\/archive.sana.sy\/tr\/index.php?rest_route=\/wp\/v2\/posts\/20212","targetHints":{"allow":["GET"]}}],"collection":[{"href":"https:\/\/archive.sana.sy\/tr\/index.php?rest_route=\/wp\/v2\/posts"}],"about":[{"href":"https:\/\/archive.sana.sy\/tr\/index.php?rest_route=\/wp\/v2\/types\/post"}],"author":[{"embeddable":true,"href":"https:\/\/archive.sana.sy\/tr\/index.php?rest_route=\/wp\/v2\/users\/1"}],"replies":[{"embeddable":true,"href":"https:\/\/archive.sana.sy\/tr\/index.php?rest_route=%2Fwp%2Fv2%2Fcomments&post=20212"}],"version-history":[{"count":0,"href":"https:\/\/archive.sana.sy\/tr\/index.php?rest_route=\/wp\/v2\/posts\/20212\/revisions"}],"wp:featuredmedia":[{"embeddable":true,"href":"https:\/\/archive.sana.sy\/tr\/index.php?rest_route=\/wp\/v2\/media\/20213"}],"wp:attachment":[{"href":"https:\/\/archive.sana.sy\/tr\/index.php?rest_route=%2Fwp%2Fv2%2Fmedia&parent=20212"}],"wp:term":[{"taxonomy":"category","embeddable":true,"href":"https:\/\/archive.sana.sy\/tr\/index.php?rest_route=%2Fwp%2Fv2%2Fcategories&post=20212"},{"taxonomy":"post_tag","embeddable":true,"href":"https:\/\/archive.sana.sy\/tr\/index.php?rest_route=%2Fwp%2Fv2%2Ftags&post=20212"}],"curies":[{"name":"wp","href":"https:\/\/api.w.org\/{rel}","templated":true}]}}