{"id":20222,"date":"2015-01-09T14:31:27","date_gmt":"2015-01-09T12:31:27","guid":{"rendered":"http:\/\/www.sana.sy\/tr\/?p=20222"},"modified":"2015-01-09T14:31:27","modified_gmt":"2015-01-09T12:31:27","slug":"suriye-ve-irak-arasinda-ulastirma-ve-tasimacilik-sirketi-aktiflestiriliyor","status":"publish","type":"post","link":"https:\/\/archive.sana.sy\/tr\/?p=20222","title":{"rendered":"Suriye ve Irak Aras\u0131nda Ula\u015ft\u0131rma ve Ta\u015f\u0131mac\u0131l\u0131k \u015eirketi Aktifle\u015ftiriliyor"},"content":{"rendered":"<p>BA\u011eDAT \u2013 Irak Ula\u015ft\u0131rma Bakan\u0131 Bakir Cebir el Z\u00fcbeydi Suriye&#8217;nin Ba\u011fdat B\u00fcy\u00fckel\u00e7isi Sattam Cedan el Dendah ile iki \u00fclke aras\u0131ndaki ili\u015fkileri ula\u015ft\u0131rma alan\u0131nda geli\u015ftirme yollar\u0131n\u0131 masaya yat\u0131rd\u0131.<\/p>\n<p>Irak Ula\u015ft\u0131rma Bakanl\u0131\u011f\u0131 SANA\u2019n\u0131n bir n\u00fcshas\u0131n\u0131 ald\u0131\u011f\u0131 beyan\u0131nda Z\u00fcbeydi\u2019nin Dendah ile iki karde\u015f \u00fclke aras\u0131ndaki ili\u015fkileri masaya yat\u0131rd\u0131\u011f\u0131n\u0131 aktard\u0131. Beyanda iki taraf\u0131n iki \u00fclke aras\u0131nda ula\u015ft\u0131rma ve ta\u015f\u0131mac\u0131l\u0131k konular\u0131na odakland\u0131klar\u0131n\u0131 ve bu ba\u011flamdaki engelleri kald\u0131rma olanaklar\u0131n\u0131 tart\u0131\u015ft\u0131klar\u0131 kaydedildi. G\u00f6r\u00fc\u015fmede ayr\u0131ca Suriye Irak Ula\u015ft\u0131rma ve Nakliye \u015eirketinin aktifle\u015ftirilmesi konusunun ele al\u0131nd\u0131\u011f\u0131 ifade edildi.<\/p>\n<p>G\u00f6r\u00fc\u015fmenin ard\u0131ndan SANA\u2019n\u0131n Ba\u011fdat muhabirine a\u00e7\u0131klama yapan B\u00fcy\u00fckel\u00e7i Dendah g\u00f6r\u00fc\u015fmenin; devlet ve halk olarak varl\u0131klar\u0131n\u0131 hedef alan ter\u00f6r kar\u015f\u0131s\u0131nda iki karde\u015f \u00fclke aras\u0131ndaki ili\u015fkileri muhtelif alanlarda peki\u015ftirmede kar\u015f\u0131l\u0131kl\u0131 \u00f6zen kapsam\u0131nda geldi\u011fini s\u00f6yledi.<\/p>\n","protected":false},"excerpt":{"rendered":"<p>BA\u011eDAT \u2013 Irak Ula\u015ft\u0131rma Bakan\u0131 Bakir Cebir el Z\u00fcbeydi Suriye&#8217;nin Ba\u011fdat B\u00fcy\u00fckel\u00e7isi Sattam Cedan el Dendah ile iki \u00fclke aras\u0131ndaki ili\u015fkileri ula\u015ft\u0131rma alan\u0131nda geli\u015ftirme yollar\u0131n\u0131 masaya yat\u0131rd\u0131. Irak Ula\u015ft\u0131rma Bakanl\u0131\u011f\u0131 SANA\u2019n\u0131n bir n\u00fcshas\u0131n\u0131 ald\u0131\u011f\u0131 beyan\u0131nda Z\u00fcbeydi\u2019nin Dendah ile iki karde\u015f \u00fclke aras\u0131ndaki ili\u015fkileri masaya yat\u0131rd\u0131\u011f\u0131n\u0131 aktard\u0131. Beyanda iki taraf\u0131n iki \u00fclke aras\u0131nda ula\u015ft\u0131rma ve ta\u015f\u0131mac\u0131l\u0131k &hellip;<\/p>\n","protected":false},"author":1,"featured_media":20223,"comment_status":"closed","ping_status":"closed","sticky":false,"template":"","format":"standard","meta":{"footnotes":""},"categories":[458,485,459,486],"tags":[9677],"class_list":["post-20222","post","type-post","status-publish","format-standard","has-post-thumbnail","","category-dunya1","category-is-ve-sermaye","category-haberler-arap-uluslararasi-politika","category-haberler-is-ve-sermaye","tag-suriye-ve-irak-arasinda-ulastirma-ve-tasimacilik-sirketi-aktiflestiriliyor-bagdat-irak-ulastirma-bakani-bakir-cebir-el-zubeydi-suriyenin-bagdat-buyukelcisi-sattam-cedan-el-dendah-ile-iki-ul"],"_links":{"self":[{"href":"https:\/\/archive.sana.sy\/tr\/index.php?rest_route=\/wp\/v2\/posts\/20222","targetHints":{"allow":["GET"]}}],"collection":[{"href":"https:\/\/archive.sana.sy\/tr\/index.php?rest_route=\/wp\/v2\/posts"}],"about":[{"href":"https:\/\/archive.sana.sy\/tr\/index.php?rest_route=\/wp\/v2\/types\/post"}],"author":[{"embeddable":true,"href":"https:\/\/archive.sana.sy\/tr\/index.php?rest_route=\/wp\/v2\/users\/1"}],"replies":[{"embeddable":true,"href":"https:\/\/archive.sana.sy\/tr\/index.php?rest_route=%2Fwp%2Fv2%2Fcomments&post=20222"}],"version-history":[{"count":0,"href":"https:\/\/archive.sana.sy\/tr\/index.php?rest_route=\/wp\/v2\/posts\/20222\/revisions"}],"wp:featuredmedia":[{"embeddable":true,"href":"https:\/\/archive.sana.sy\/tr\/index.php?rest_route=\/wp\/v2\/media\/20223"}],"wp:attachment":[{"href":"https:\/\/archive.sana.sy\/tr\/index.php?rest_route=%2Fwp%2Fv2%2Fmedia&parent=20222"}],"wp:term":[{"taxonomy":"category","embeddable":true,"href":"https:\/\/archive.sana.sy\/tr\/index.php?rest_route=%2Fwp%2Fv2%2Fcategories&post=20222"},{"taxonomy":"post_tag","embeddable":true,"href":"https:\/\/archive.sana.sy\/tr\/index.php?rest_route=%2Fwp%2Fv2%2Ftags&post=20222"}],"curies":[{"name":"wp","href":"https:\/\/api.w.org\/{rel}","templated":true}]}}