{"id":202228,"date":"2020-02-13T10:53:04","date_gmt":"2020-02-13T08:53:04","guid":{"rendered":"http:\/\/www.sana.sy\/tr\/?p=202228"},"modified":"2020-02-14T12:18:57","modified_gmt":"2020-02-14T10:18:57","slug":"bunun-nedeni-erdogan-rejiminin-sorumluluklarini-yerine-getirmemesidir","status":"publish","type":"post","link":"https:\/\/archive.sana.sy\/tr\/?p=202228","title":{"rendered":"Bunun Nedeni Erdo\u011fan Rejiminin Sorumluluklar\u0131n\u0131 Yerine Getirmemesidir"},"content":{"rendered":"<p>MOSKOVA \u2013 Rusya D\u0131\u015fi\u015fleri Bakanl\u0131\u011f\u0131 \u0130dlib \u0130linde t\u0131rmanan gerginli\u011fin as\u0131l nedeninin T\u00fcrkiye&#8217;de Erdo\u011fan rejiminin sorumluluk ve taahh\u00fctlerine kronik bir \u015fekilde ba\u011fl\u0131 kalmamas\u0131 oldu\u011funu vurgulad\u0131.<\/p>\n<p>Rusya D\u0131\u015fi\u015fleri Bakanl\u0131\u011f\u0131 Resmi S\u00f6zc\u00fcs\u00fc Maria Zakharova yapt\u0131\u011f\u0131 bas\u0131n a\u00e7\u0131klamalar\u0131nda \u0130dlib\u2019te t\u0131rmanan gerginli\u011fin t\u00fcm sorumlulu\u011funun Erdo\u011fan rejimine d\u00fc\u015ft\u00fc\u011f\u00fcn\u00fc belirtti. Zakharova Erdo\u011fan rejiminin So\u00e7i Anla\u015fmas\u0131 kapsam\u0131nda \u0130dlib\u2019te \u00fcst\u00fcne d\u00fc\u015fen sorumluluk ve taahh\u00fctleri kronik bir \u015fekilde yerine getirmedi\u011fine dikkat \u00e7ekti.<\/p>\n<p>Erdo\u011fan rejiminin sorumluluk ve taahh\u00fctlerine ba\u011fl\u0131 kalmamas\u0131n\u0131n yan\u0131 s\u0131ra Suriye&#8217;nin kuzeydo\u011fu b\u00f6lgesine kendisine tabi askeri g\u00fc\u00e7 ta\u015f\u0131mas\u0131na \u0131\u015f\u0131k tutan Zakharova; ayn\u0131 zamanda askeri te\u00e7hizat da aktard\u0131\u011f\u0131n\u0131 ifade etti.<\/p>\n<p>\u0130srail\u2019in Suriye&#8217;ye sald\u0131r\u0131lar\u0131 konusunda ise Zakharova; bu sald\u0131r\u0131lar\u0131n Suriye&#8217;nin egemenli\u011fi ve uluslar aras\u0131 kanunlara ihlal te\u015fkil etmesinin yan\u0131 s\u0131ra masum sivillerin can ve mal g\u00fcvenli\u011fine de ciddi bir tehdit te\u015fkil etti\u011fini vurgulad\u0131.<\/p>\n<p><span style=\"color: #0000ff;\">T\u00fcrkiye&#8217;nin Silah, Z\u0131rhl\u0131 Ara\u00e7 ve Askeri G\u00fc\u00e7 Ge\u00e7irmesiyle \u0130dlib\u2019te Durumlar T\u0131rman\u0131yor<\/span><\/p>\n<p>Di\u011fer yandan Rusya Savunma Bakanl\u0131\u011f\u0131 T\u00fcrkiye&#8217;de Erdo\u011fan rejiminin \u0130dlib \u0130line silah, askeri te\u00e7hizat ve z\u0131rhl\u0131 ara\u00e7lar ge\u00e7irmesi nedeniyle durumlar\u0131n t\u0131rmand\u0131\u011f\u0131n\u0131 belirtti.<\/p>\n<p>Erdo\u011fan rejiminin \u0130dlib\u2019te sorumluluk ve taahh\u00fctlerini kesinlikle yerine getirmedi\u011fini vurgulayan Rusya Savunma Bakanl\u0131\u011f\u0131; bu nedenle Suriye ordusunun b\u00f6lgede masum sivillerin can ve mal g\u00fcvenli\u011fini sa\u011flama amac\u0131yla m\u00fcdahale etmek zorunda kald\u0131\u011f\u0131n\u0131 ifade etti.<\/p>\n<p>Bakanl\u0131k Rusya&#8217;n\u0131n So\u00e7i Anla\u015fmas\u0131na ba\u011fl\u0131 kald\u0131\u011f\u0131n\u0131n bir kez daha alt\u0131n\u0131 \u00e7izdi.<\/p>\n","protected":false},"excerpt":{"rendered":"<p>MOSKOVA \u2013 Rusya D\u0131\u015fi\u015fleri Bakanl\u0131\u011f\u0131 \u0130dlib \u0130linde t\u0131rmanan gerginli\u011fin as\u0131l nedeninin T\u00fcrkiye&#8217;de Erdo\u011fan rejiminin sorumluluk ve taahh\u00fctlerine kronik bir \u015fekilde ba\u011fl\u0131 kalmamas\u0131 oldu\u011funu vurgulad\u0131. Rusya D\u0131\u015fi\u015fleri Bakanl\u0131\u011f\u0131 Resmi S\u00f6zc\u00fcs\u00fc Maria Zakharova yapt\u0131\u011f\u0131 bas\u0131n a\u00e7\u0131klamalar\u0131nda \u0130dlib\u2019te t\u0131rmanan gerginli\u011fin t\u00fcm sorumlulu\u011funun Erdo\u011fan rejimine d\u00fc\u015ft\u00fc\u011f\u00fcn\u00fc belirtti. Zakharova Erdo\u011fan rejiminin So\u00e7i Anla\u015fmas\u0131 kapsam\u0131nda \u0130dlib\u2019te \u00fcst\u00fcne d\u00fc\u015fen sorumluluk ve taahh\u00fctleri &hellip;<\/p>\n","protected":false},"author":36,"featured_media":202229,"comment_status":"closed","ping_status":"closed","sticky":false,"template":"","format":"standard","meta":{"footnotes":""},"categories":[17988,2554,2555],"tags":[],"class_list":["post-202228","post","type-post","status-publish","format-standard","has-post-thumbnail","","category-son-haberler","category-suriye-ve-dunya","category-suriye-ve-turkiye"],"_links":{"self":[{"href":"https:\/\/archive.sana.sy\/tr\/index.php?rest_route=\/wp\/v2\/posts\/202228","targetHints":{"allow":["GET"]}}],"collection":[{"href":"https:\/\/archive.sana.sy\/tr\/index.php?rest_route=\/wp\/v2\/posts"}],"about":[{"href":"https:\/\/archive.sana.sy\/tr\/index.php?rest_route=\/wp\/v2\/types\/post"}],"author":[{"embeddable":true,"href":"https:\/\/archive.sana.sy\/tr\/index.php?rest_route=\/wp\/v2\/users\/36"}],"replies":[{"embeddable":true,"href":"https:\/\/archive.sana.sy\/tr\/index.php?rest_route=%2Fwp%2Fv2%2Fcomments&post=202228"}],"version-history":[{"count":0,"href":"https:\/\/archive.sana.sy\/tr\/index.php?rest_route=\/wp\/v2\/posts\/202228\/revisions"}],"wp:featuredmedia":[{"embeddable":true,"href":"https:\/\/archive.sana.sy\/tr\/index.php?rest_route=\/wp\/v2\/media\/202229"}],"wp:attachment":[{"href":"https:\/\/archive.sana.sy\/tr\/index.php?rest_route=%2Fwp%2Fv2%2Fmedia&parent=202228"}],"wp:term":[{"taxonomy":"category","embeddable":true,"href":"https:\/\/archive.sana.sy\/tr\/index.php?rest_route=%2Fwp%2Fv2%2Fcategories&post=202228"},{"taxonomy":"post_tag","embeddable":true,"href":"https:\/\/archive.sana.sy\/tr\/index.php?rest_route=%2Fwp%2Fv2%2Ftags&post=202228"}],"curies":[{"name":"wp","href":"https:\/\/api.w.org\/{rel}","templated":true}]}}