{"id":20228,"date":"2015-01-10T09:17:22","date_gmt":"2015-01-10T07:17:22","guid":{"rendered":"http:\/\/sana.sy\/tr\/?p=20228"},"modified":"2015-01-10T13:33:20","modified_gmt":"2015-01-10T11:33:20","slug":"vatan-koruyucularimiz-muhtelif-bolgelerde-teroristleri-kayiplara-ugratti","status":"publish","type":"post","link":"https:\/\/archive.sana.sy\/tr\/?p=20228","title":{"rendered":"Vatan Koruyucular\u0131m\u0131z Muhtelif B\u00f6lgelerde Ter\u00f6ristleri Kay\u0131plara U\u011fratt\u0131"},"content":{"rendered":"<p>\u0130LLER \u2013 Vatan ve vatanda\u015flar\u0131 korumada t\u00fcm zorluklara meydan okuyup ter\u00f6re kar\u015f\u0131 operasyonlar\u0131n\u0131 ba\u015far\u0131yla s\u00fcrd\u00fcren ordu birliklerimiz d\u00fcn hain ve tekfircileri say\u0131 ve te\u00e7hizatlar\u0131yla kay\u0131plara u\u011fratmaya devam etti.<\/p>\n<p><span style=\"color: #0000ff\">\u0130dlib K\u0131rsal\u0131nda Ter\u00f6ristlerin Toplanma Yerleri Hedef Al\u0131nd\u0131<\/span><\/p>\n<p>Saha kaynaklar\u0131 SANA\u2019ya a\u00e7\u0131klamas\u0131nda ordu birliklerimizin \u0130dlib k\u0131rsal\u0131 Cebel el Ekrad, Kaston ve el Huvta b\u00f6lgelerinde ter\u00f6ristlerin toplanma yerlerini hedef almalar\u0131yla \u00e7ok say\u0131da ter\u00f6risti \u00f6l\u00fc ve yaral\u0131 d\u00fc\u015f\u00fcrd\u00fcklerini s\u00f6yledi.<\/p>\n<p><span style=\"color: #0000ff\">Dera ve K\u0131rsal\u0131nda \u00c7ok Say\u0131da Ter\u00f6rist \u00d6l\u00fc ve Yaral\u0131 D\u00fc\u015f\u00fcr\u00fcld\u00fc<\/span><\/p>\n<p>\u00d6te yandan askeri kaynak; ordu birliklerimizin Dera\u2019n\u0131n Beled B\u00f6lgesindeki eski g\u00fcmr\u00fck \u00e7evresine ilaveten Dera k\u0131rsal\u0131n\u0131n Zemrin K\u00f6y\u00fc civar\u0131nda onlarca ter\u00f6risti \u00f6l\u00fc ve yaral\u0131 d\u00fc\u015f\u00fcrd\u00fcklerini ifade etti.<\/p>\n<p>Kaynak \u015eeyh Meskin ve Ibta b\u00f6lgelerinde ter\u00f6ristlerle ya\u015fanan s\u0131cak temasta aralar\u0131nda yabanc\u0131lar\u0131n bulundu\u011fu \u00e7ok say\u0131da ter\u00f6ristin \u00f6ld\u00fcr\u00fcld\u00fc\u011f\u00fcn\u00fc aktard\u0131.<\/p>\n<p><span style=\"color: #0000ff\">Homs K\u0131rsal\u0131nda Onlarca Ter\u00f6rist \u00d6ld\u00fcr\u00fcld\u00fc<\/span><\/p>\n<p>Bu arada ordu birliklerimiz Homs k\u0131rsal\u0131n\u0131n do\u011fusu Recm el Kasr B\u00f6lgesi ve \u00e7evrelerinde \u00e7ok say\u0131da ter\u00f6risti \u00f6l\u00fc ve yaral\u0131 d\u00fc\u015f\u00fcrd\u00fc.<\/p>\n<p>&nbsp;<\/p>\n","protected":false},"excerpt":{"rendered":"<p>\u0130LLER \u2013 Vatan ve vatanda\u015flar\u0131 korumada t\u00fcm zorluklara meydan okuyup ter\u00f6re kar\u015f\u0131 operasyonlar\u0131n\u0131 ba\u015far\u0131yla s\u00fcrd\u00fcren ordu birliklerimiz d\u00fcn hain ve tekfircileri say\u0131 ve te\u00e7hizatlar\u0131yla kay\u0131plara u\u011fratmaya devam etti. \u0130dlib K\u0131rsal\u0131nda Ter\u00f6ristlerin Toplanma Yerleri Hedef Al\u0131nd\u0131 Saha kaynaklar\u0131 SANA\u2019ya a\u00e7\u0131klamas\u0131nda ordu birliklerimizin \u0130dlib k\u0131rsal\u0131 Cebel el Ekrad, Kaston ve el Huvta b\u00f6lgelerinde ter\u00f6ristlerin toplanma yerlerini hedef &hellip;<\/p>\n","protected":false},"author":1,"featured_media":20230,"comment_status":"closed","ping_status":"closed","sticky":false,"template":"","format":"standard","meta":{"footnotes":""},"categories":[575],"tags":[9680,9679],"class_list":["post-20228","post","type-post","status-publish","format-standard","has-post-thumbnail","","category-olaylar-ve-gercekler","tag-kaston-ve-el-huvta-bolgelerinde-teroristlerin-toplanma-yerlerini-hedef-almalariyla-cok-sayida-teroristi-olu-ve-yarali-dusurduklerini-soyledi-dera-ve-kirsalinda-cok-sayida-terorist-olu-ve-yarali-dusur","tag-vatan-koruyucularimiz-muhtelif-bolgelerde-teroristleri-kayiplara-ugratti-iller-vatan-ve-vatandaslari-korumada-tum-zorluklara-meydan-okuyup-terore-karsi-operasyonlarini-basariyla-surduren-ord"],"_links":{"self":[{"href":"https:\/\/archive.sana.sy\/tr\/index.php?rest_route=\/wp\/v2\/posts\/20228","targetHints":{"allow":["GET"]}}],"collection":[{"href":"https:\/\/archive.sana.sy\/tr\/index.php?rest_route=\/wp\/v2\/posts"}],"about":[{"href":"https:\/\/archive.sana.sy\/tr\/index.php?rest_route=\/wp\/v2\/types\/post"}],"author":[{"embeddable":true,"href":"https:\/\/archive.sana.sy\/tr\/index.php?rest_route=\/wp\/v2\/users\/1"}],"replies":[{"embeddable":true,"href":"https:\/\/archive.sana.sy\/tr\/index.php?rest_route=%2Fwp%2Fv2%2Fcomments&post=20228"}],"version-history":[{"count":0,"href":"https:\/\/archive.sana.sy\/tr\/index.php?rest_route=\/wp\/v2\/posts\/20228\/revisions"}],"wp:featuredmedia":[{"embeddable":true,"href":"https:\/\/archive.sana.sy\/tr\/index.php?rest_route=\/wp\/v2\/media\/20230"}],"wp:attachment":[{"href":"https:\/\/archive.sana.sy\/tr\/index.php?rest_route=%2Fwp%2Fv2%2Fmedia&parent=20228"}],"wp:term":[{"taxonomy":"category","embeddable":true,"href":"https:\/\/archive.sana.sy\/tr\/index.php?rest_route=%2Fwp%2Fv2%2Fcategories&post=20228"},{"taxonomy":"post_tag","embeddable":true,"href":"https:\/\/archive.sana.sy\/tr\/index.php?rest_route=%2Fwp%2Fv2%2Ftags&post=20228"}],"curies":[{"name":"wp","href":"https:\/\/api.w.org\/{rel}","templated":true}]}}