{"id":20236,"date":"2015-01-09T19:24:26","date_gmt":"2015-01-09T17:24:26","guid":{"rendered":"http:\/\/sana.sy\/tr\/?p=20236"},"modified":"2015-01-09T19:24:26","modified_gmt":"2015-01-09T17:24:26","slug":"patrik-lahham-teroru-kinadi","status":"publish","type":"post","link":"https:\/\/archive.sana.sy\/tr\/?p=20236","title":{"rendered":"Patrik Lahham Ter\u00f6r\u00fc K\u0131nad\u0131"},"content":{"rendered":"<p>BEYRUT \u2013 Antakya ve T\u00fcm Do\u011fu Rum Katolikler Patri\u011fi III. Grigorios Lahham t\u00fcm d\u00fcnyadan tekfirci vah\u015fet, ter\u00f6r ve ideolojiye kar\u015f\u0131 saflar\u0131n\u0131 birle\u015ftirmeye davet etti.<\/p>\n<p>Patriklik Divan\u0131 bug\u00fcn yay\u0131nlad\u0131\u011f\u0131 bildiride Frans\u0131z Gazetenin maruz kald\u0131\u011f\u0131 sald\u0131r\u0131yla birlikte d\u00fcnyan\u0131n her yerinde ya\u015fanan ter\u00f6r eylemlerini \u015fiddetle k\u0131nad\u0131.<\/p>\n<p>Bildiride ter\u00f6r kurbanlar\u0131n aileleri, Frans\u0131z medyas\u0131 ve Fransa ba\u015fkan\u0131na taziyelerini takdim eden Patrik Lahham; bar\u0131\u015f ve insani de\u011ferlerin peki\u015ftirilmesinde medyan\u0131n rol\u00fcne dikkat \u00e7ekti.<\/p>\n","protected":false},"excerpt":{"rendered":"<p>BEYRUT \u2013 Antakya ve T\u00fcm Do\u011fu Rum Katolikler Patri\u011fi III. Grigorios Lahham t\u00fcm d\u00fcnyadan tekfirci vah\u015fet, ter\u00f6r ve ideolojiye kar\u015f\u0131 saflar\u0131n\u0131 birle\u015ftirmeye davet etti. Patriklik Divan\u0131 bug\u00fcn yay\u0131nlad\u0131\u011f\u0131 bildiride Frans\u0131z Gazetenin maruz kald\u0131\u011f\u0131 sald\u0131r\u0131yla birlikte d\u00fcnyan\u0131n her yerinde ya\u015fanan ter\u00f6r eylemlerini \u015fiddetle k\u0131nad\u0131. Bildiride ter\u00f6r kurbanlar\u0131n aileleri, Frans\u0131z medyas\u0131 ve Fransa ba\u015fkan\u0131na taziyelerini takdim eden &hellip;<\/p>\n","protected":false},"author":1,"featured_media":20237,"comment_status":"closed","ping_status":"closed","sticky":false,"template":"","format":"standard","meta":{"footnotes":""},"categories":[458,459,447],"tags":[9688,9686,9687],"class_list":["post-20236","post","type-post","status-publish","format-standard","has-post-thumbnail","","category-dunya1","category-haberler-arap-uluslararasi-politika","category-politika","tag-fransiz-medyasi-ve-fransa-baskanina-taziyelerini-takdim-eden-patrik-lahham-baris-ve-insani-degerlerin-pekistirilmesinde-medyanin-rolune-dikkat-cekti","tag-patrik-lahham-teroru-kinadi-beyrut-antakya-ve-tum-dogu-rum-katolikler-patrigi-iii-grigorios-lahham-tum-dunyadan-tekfirci-vahset","tag-teror-ve-ideolojiye-karsi-saflarini-birlestirmeye-davet-etti-patriklik-divani-bugun-yayinladigi-bildiride-fransiz-gazetenin-maruz-kaldigi-saldiriyla-birlikte-dunyanin-her-yerinde-yasanan-teror-eyleml"],"_links":{"self":[{"href":"https:\/\/archive.sana.sy\/tr\/index.php?rest_route=\/wp\/v2\/posts\/20236","targetHints":{"allow":["GET"]}}],"collection":[{"href":"https:\/\/archive.sana.sy\/tr\/index.php?rest_route=\/wp\/v2\/posts"}],"about":[{"href":"https:\/\/archive.sana.sy\/tr\/index.php?rest_route=\/wp\/v2\/types\/post"}],"author":[{"embeddable":true,"href":"https:\/\/archive.sana.sy\/tr\/index.php?rest_route=\/wp\/v2\/users\/1"}],"replies":[{"embeddable":true,"href":"https:\/\/archive.sana.sy\/tr\/index.php?rest_route=%2Fwp%2Fv2%2Fcomments&post=20236"}],"version-history":[{"count":0,"href":"https:\/\/archive.sana.sy\/tr\/index.php?rest_route=\/wp\/v2\/posts\/20236\/revisions"}],"wp:featuredmedia":[{"embeddable":true,"href":"https:\/\/archive.sana.sy\/tr\/index.php?rest_route=\/wp\/v2\/media\/20237"}],"wp:attachment":[{"href":"https:\/\/archive.sana.sy\/tr\/index.php?rest_route=%2Fwp%2Fv2%2Fmedia&parent=20236"}],"wp:term":[{"taxonomy":"category","embeddable":true,"href":"https:\/\/archive.sana.sy\/tr\/index.php?rest_route=%2Fwp%2Fv2%2Fcategories&post=20236"},{"taxonomy":"post_tag","embeddable":true,"href":"https:\/\/archive.sana.sy\/tr\/index.php?rest_route=%2Fwp%2Fv2%2Ftags&post=20236"}],"curies":[{"name":"wp","href":"https:\/\/api.w.org\/{rel}","templated":true}]}}