{"id":20239,"date":"2015-01-09T19:59:00","date_gmt":"2015-01-09T17:59:00","guid":{"rendered":"http:\/\/sana.sy\/tr\/?p=20239"},"modified":"2015-01-09T19:59:00","modified_gmt":"2015-01-09T17:59:00","slug":"pariste-teror-saldirisi-ardindan-ab-terorle-mucadele-icin-zirve-duzenleyecek","status":"publish","type":"post","link":"https:\/\/archive.sana.sy\/tr\/?p=20239","title":{"rendered":"Paris\u2019te Ter\u00f6r Sald\u0131r\u0131s\u0131 Ard\u0131ndan AB Ter\u00f6rle M\u00fccadele \u0130\u00e7in Zirve D\u00fczenleyecek"},"content":{"rendered":"<p>R\u0130GA \u2013 Kimi Bat\u0131l\u0131 devletlerin y\u0131llard\u0131r ter\u00f6r\u00fc desteklemeleri ve ba\u015fta Suriye&#8217;ye ter\u00f6r ak\u0131n\u0131na g\u00f6z yummalar\u0131n\u0131n bir sonucu olarak Fransa\u2019n\u0131n ba\u015fkenti Paris\u2019te Charlie Hebdo Gazetesinin ter\u00f6r sald\u0131r\u0131s\u0131na maruz kalmas\u0131yla Avrupa Birli\u011fi \u00f6n\u00fcm\u00fczdeki \u015eubat ay\u0131nda ter\u00f6rle m\u00fccadele zirvesi d\u00fczenleyece\u011fini ilan etti.<\/p>\n<p>Avrupa Konseyi Ba\u015fkan\u0131 Donald Tusk Paris\u2019teki ter\u00f6r eylemi ve Fransa\u2019n\u0131n Avrupa\u2019y\u0131 ter\u00f6rle m\u00fccadele zirvesi d\u00fczenlemesine \u00e7a\u011f\u0131rmas\u0131 ard\u0131ndan bug\u00fcn, \u00f6n\u00fcm\u00fczdeki \u015eubat ay\u0131nda Br\u00fcksel\u2019de d\u00fczenlenecek AB zirvesinin ter\u00f6rle m\u00fccadele zirvesi olaca\u011f\u0131n\u0131 ilan etti.<\/p>\n<p>Riga\u2019da Letonya Ba\u015fbakan\u0131 Aamdutta Strroyoma ile g\u00f6r\u00fc\u015fmelerinin ard\u0131ndan Tusk; ter\u00f6r\u00fcn Avrupa\u2019y\u0131 vurdu\u011funu, Avrupa\u2019n\u0131n da kendi g\u00fcvenli\u011fini peki\u015ftirmesi gerekti\u011fini ifade etti.<\/p>\n","protected":false},"excerpt":{"rendered":"<p>R\u0130GA \u2013 Kimi Bat\u0131l\u0131 devletlerin y\u0131llard\u0131r ter\u00f6r\u00fc desteklemeleri ve ba\u015fta Suriye&#8217;ye ter\u00f6r ak\u0131n\u0131na g\u00f6z yummalar\u0131n\u0131n bir sonucu olarak Fransa\u2019n\u0131n ba\u015fkenti Paris\u2019te Charlie Hebdo Gazetesinin ter\u00f6r sald\u0131r\u0131s\u0131na maruz kalmas\u0131yla Avrupa Birli\u011fi \u00f6n\u00fcm\u00fczdeki \u015eubat ay\u0131nda ter\u00f6rle m\u00fccadele zirvesi d\u00fczenleyece\u011fini ilan etti. Avrupa Konseyi Ba\u015fkan\u0131 Donald Tusk Paris\u2019teki ter\u00f6r eylemi ve Fransa\u2019n\u0131n Avrupa\u2019y\u0131 ter\u00f6rle m\u00fccadele zirvesi d\u00fczenlemesine \u00e7a\u011f\u0131rmas\u0131 &hellip;<\/p>\n","protected":false},"author":1,"featured_media":20240,"comment_status":"closed","ping_status":"closed","sticky":false,"template":"","format":"standard","meta":{"footnotes":""},"categories":[458,459,447],"tags":[9691,9690,9689],"class_list":["post-20239","post","type-post","status-publish","format-standard","has-post-thumbnail","","category-dunya1","category-haberler-arap-uluslararasi-politika","category-politika","tag-avrupanin-da-kendi-guvenligini-pekistirmesi-gerektigini-ifade-etti","tag-onumuzdeki-subat-ayinda-brukselde-duzenlenecek-ab-zirvesinin-terorle-mucadele-zirvesi-olacagini-ilan-etti-rigada-letonya-basbakani-aamdutta-strroyoma-ile-gorusmelerinin-ardindan-tus","tag-pariste-teror-saldirisi-ardindan-ab-terorle-mucadele-icin-zirve-duzenleyecek-riga-kimi-batili-devletlerin-yillardir-teroru-desteklemeleri-ve-basta-suriyeye-teror-akinina-goz-yummal"],"_links":{"self":[{"href":"https:\/\/archive.sana.sy\/tr\/index.php?rest_route=\/wp\/v2\/posts\/20239","targetHints":{"allow":["GET"]}}],"collection":[{"href":"https:\/\/archive.sana.sy\/tr\/index.php?rest_route=\/wp\/v2\/posts"}],"about":[{"href":"https:\/\/archive.sana.sy\/tr\/index.php?rest_route=\/wp\/v2\/types\/post"}],"author":[{"embeddable":true,"href":"https:\/\/archive.sana.sy\/tr\/index.php?rest_route=\/wp\/v2\/users\/1"}],"replies":[{"embeddable":true,"href":"https:\/\/archive.sana.sy\/tr\/index.php?rest_route=%2Fwp%2Fv2%2Fcomments&post=20239"}],"version-history":[{"count":0,"href":"https:\/\/archive.sana.sy\/tr\/index.php?rest_route=\/wp\/v2\/posts\/20239\/revisions"}],"wp:featuredmedia":[{"embeddable":true,"href":"https:\/\/archive.sana.sy\/tr\/index.php?rest_route=\/wp\/v2\/media\/20240"}],"wp:attachment":[{"href":"https:\/\/archive.sana.sy\/tr\/index.php?rest_route=%2Fwp%2Fv2%2Fmedia&parent=20239"}],"wp:term":[{"taxonomy":"category","embeddable":true,"href":"https:\/\/archive.sana.sy\/tr\/index.php?rest_route=%2Fwp%2Fv2%2Fcategories&post=20239"},{"taxonomy":"post_tag","embeddable":true,"href":"https:\/\/archive.sana.sy\/tr\/index.php?rest_route=%2Fwp%2Fv2%2Ftags&post=20239"}],"curies":[{"name":"wp","href":"https:\/\/api.w.org\/{rel}","templated":true}]}}