{"id":20242,"date":"2015-01-09T23:56:31","date_gmt":"2015-01-09T21:56:31","guid":{"rendered":"http:\/\/www.sana.sy\/tr\/?p=20242"},"modified":"2015-01-09T23:56:31","modified_gmt":"2015-01-09T21:56:31","slug":"nasrullah-tekfirci-gruplar-butun-bolge-devletleri-ve-halklari-icin-tehlikedir","status":"publish","type":"post","link":"https:\/\/archive.sana.sy\/tr\/?p=20242","title":{"rendered":"Nasrullah: Tekfirci Gruplar B\u00fct\u00fcn B\u00f6lge Devletleri ve Halklar\u0131 \u0130\u00e7in Tehlikedir"},"content":{"rendered":"<p>BEYRUT \u2013 L\u00fcbnanl\u0131 Hizbullah Partisi Genel Sekreteri Hasan Nasrullah; tekfirci gruplar\u0131n b\u00fct\u00fcn b\u00f6lge devletleri ve halklar\u0131 i\u00e7in bir tehlike te\u015fkil etti\u011fini dile getirdi.<\/p>\n<p>Mevlid m\u00fcnasebeti ile bug\u00fcn bir konu\u015fma yapan Nasrullah; ya\u015fanmakta olan s\u00fcre\u00e7te \u0130slam dininin k\u00f6t\u00fc olarak yans\u0131t\u0131lmas\u0131n\u0131n sebebinin tekfirci gruplar\u0131n i\u015fledikleri vah\u015fi katliamlar oldu\u011funa dikkat \u00e7ekerek tekfirci gruplar\u0131n halklar i\u00e7in te\u015fkil etti\u011fi tehdit kar\u015f\u0131s\u0131nda b\u00fct\u00fcn \u0130slam mezheplerinin \u00e7abalar\u0131n\u0131 birle\u015ftirmesi gere\u011fini vurgulad\u0131.<\/p>\n<p>Silahl\u0131 ter\u00f6r gruplar\u0131n\u0131n L\u00fcbnan Suriye s\u0131n\u0131r\u0131nda problem yaratma giri\u015fimlerin L\u00fcbnan ordusunun yerinde ve acil m\u00fcdahaleleri sonucu ba\u015far\u0131s\u0131z oldu\u011funu dile getiren Nasrullah; ordu, halk ve direni\u015f\u00e7ilerin \u0130srail\u2019i hezimete u\u011fratt\u0131klar\u0131 gibi tekfircileri de ayn\u0131 hezimete mahkum edeceklerini belirtti.<\/p>\n","protected":false},"excerpt":{"rendered":"<p>BEYRUT \u2013 L\u00fcbnanl\u0131 Hizbullah Partisi Genel Sekreteri Hasan Nasrullah; tekfirci gruplar\u0131n b\u00fct\u00fcn b\u00f6lge devletleri ve halklar\u0131 i\u00e7in bir tehlike te\u015fkil etti\u011fini dile getirdi. Mevlid m\u00fcnasebeti ile bug\u00fcn bir konu\u015fma yapan Nasrullah; ya\u015fanmakta olan s\u00fcre\u00e7te \u0130slam dininin k\u00f6t\u00fc olarak yans\u0131t\u0131lmas\u0131n\u0131n sebebinin tekfirci gruplar\u0131n i\u015fledikleri vah\u015fi katliamlar oldu\u011funa dikkat \u00e7ekerek tekfirci gruplar\u0131n halklar i\u00e7in te\u015fkil etti\u011fi tehdit &hellip;<\/p>\n","protected":false},"author":1,"featured_media":20243,"comment_status":"closed","ping_status":"closed","sticky":false,"template":"","format":"standard","meta":{"footnotes":""},"categories":[458,459,447],"tags":[9693,9692],"class_list":["post-20242","post","type-post","status-publish","format-standard","has-post-thumbnail","","category-dunya1","category-haberler-arap-uluslararasi-politika","category-politika","tag-halk-ve-direniscilerin-israili-hezimete-ugrattiklari-gibi-tekfircileri-de-ayni-hezimete-mahkum-edeceklerini-belirtti","tag-nasrullah-tekfirci-gruplar-butun-bolge-devletleri-ve-halklari-icin-tehlikedir-beyrut-lubnanli-hizbullah-partisi-genel-sekreteri-hasan-nasrullah-tekfirci-gruplarin-butun-bolge-devletleri-ve"],"_links":{"self":[{"href":"https:\/\/archive.sana.sy\/tr\/index.php?rest_route=\/wp\/v2\/posts\/20242","targetHints":{"allow":["GET"]}}],"collection":[{"href":"https:\/\/archive.sana.sy\/tr\/index.php?rest_route=\/wp\/v2\/posts"}],"about":[{"href":"https:\/\/archive.sana.sy\/tr\/index.php?rest_route=\/wp\/v2\/types\/post"}],"author":[{"embeddable":true,"href":"https:\/\/archive.sana.sy\/tr\/index.php?rest_route=\/wp\/v2\/users\/1"}],"replies":[{"embeddable":true,"href":"https:\/\/archive.sana.sy\/tr\/index.php?rest_route=%2Fwp%2Fv2%2Fcomments&post=20242"}],"version-history":[{"count":0,"href":"https:\/\/archive.sana.sy\/tr\/index.php?rest_route=\/wp\/v2\/posts\/20242\/revisions"}],"wp:featuredmedia":[{"embeddable":true,"href":"https:\/\/archive.sana.sy\/tr\/index.php?rest_route=\/wp\/v2\/media\/20243"}],"wp:attachment":[{"href":"https:\/\/archive.sana.sy\/tr\/index.php?rest_route=%2Fwp%2Fv2%2Fmedia&parent=20242"}],"wp:term":[{"taxonomy":"category","embeddable":true,"href":"https:\/\/archive.sana.sy\/tr\/index.php?rest_route=%2Fwp%2Fv2%2Fcategories&post=20242"},{"taxonomy":"post_tag","embeddable":true,"href":"https:\/\/archive.sana.sy\/tr\/index.php?rest_route=%2Fwp%2Fv2%2Ftags&post=20242"}],"curies":[{"name":"wp","href":"https:\/\/api.w.org\/{rel}","templated":true}]}}