{"id":20245,"date":"2015-01-10T00:45:34","date_gmt":"2015-01-09T22:45:34","guid":{"rendered":"http:\/\/www.sana.sy\/tr\/?p=20245"},"modified":"2015-01-10T00:46:06","modified_gmt":"2015-01-09T22:46:06","slug":"kizilhac-orgutu-en-buyuk-butceyi-suriye-icin-ayirdi","status":"publish","type":"post","link":"https:\/\/archive.sana.sy\/tr\/?p=20245","title":{"rendered":"K\u0131z\u0131lha\u00e7 \u00d6rg\u00fct\u00fc En B\u00fcy\u00fck B\u00fct\u00e7eyi Suriye \u0130\u00e7in Ay\u0131rd\u0131"},"content":{"rendered":"<p>HALEP \u2013 Halep Valisi Muhammed Mervan el Ulbi d\u00fcn Uluslararas\u0131 K\u0131z\u0131lha\u00e7 \u00d6rg\u00fct\u00fc Suriye Ofisi Saha Organizat\u00f6r\u00fc As\u0131m el \u0130savi ile bir araya gelerek Halep\u2019te insani yard\u0131m durumunu ve bu alanda i\u015fbirli\u011fi ve ortak koordinasyonu geli\u015ftirme y\u00f6ntemlerini incelediler.<\/p>\n<p>Uluslararas\u0131 \u00f6rg\u00fctlerin insani yard\u0131m \u00e7al\u0131\u015fmalar\u0131nda oynad\u0131klar\u0131 rol\u00fcn \u00f6nemine i\u015faret eden Ulbi; valili\u011fin, ter\u00f6r ma\u011fduru b\u00fct\u00fcn ailelere yard\u0131m ula\u015ft\u0131r\u0131lmas\u0131na b\u00fcy\u00fck bir \u00f6nem verdi\u011fini belirtti.<\/p>\n<p>\u00d6te yandan K\u0131z\u0131lay \u00d6rg\u00fct\u00fcn\u00fcn, zarar g\u00f6rm\u00fc\u015f insanlara ve ailelere yard\u0131m ula\u015ft\u0131r\u0131lmas\u0131n\u0131 ama\u00e7lamas\u0131 y\u00f6n\u00fcyle Uluslararas\u0131 K\u0131z\u0131lha\u00e7 \u00d6rg\u00fct\u00fcn\u00fcn temel orta\u011f\u0131 say\u0131labilece\u011fine i\u015faret eden \u0130savi; Suriye H\u00fck\u00fcmeti ve Halep Valili\u011finin K\u0131z\u0131lha\u00e7 \u00d6rg\u00fct\u00fcn\u00fcn yard\u0131m ula\u015ft\u0131rma \u00e7al\u0131\u015fmalar\u0131n\u0131n ba\u015far\u0131l\u0131 olmas\u0131 i\u00e7in sa\u011flad\u0131klar\u0131 kolayl\u0131k ve deste\u011fin takdire de\u011fer oldu\u011funun alt\u0131n\u0131 \u00e7izdi.<\/p>\n<p>\u0131z\u0131lha\u00e7 \u00d6rg\u00fct\u00fcn\u00fcn Suriye\u2019de geni\u015f kapsaml\u0131 bir plan\u0131 bulundu\u011funa de\u011finen \u0130savi; ya\u015fanan olaylarda olu\u015fan hasar\u0131n g\u00f6z \u00f6n\u00fcnde bulundurularak haz\u0131rlanan planda di\u011fer devletlere g\u00f6re en b\u00fcy\u00fck b\u00fct\u00e7enin Suriye i\u00e7in ayr\u0131lm\u0131\u015f oldu\u011funu ibraz etti.<\/p>\n","protected":false},"excerpt":{"rendered":"<p>HALEP \u2013 Halep Valisi Muhammed Mervan el Ulbi d\u00fcn Uluslararas\u0131 K\u0131z\u0131lha\u00e7 \u00d6rg\u00fct\u00fc Suriye Ofisi Saha Organizat\u00f6r\u00fc As\u0131m el \u0130savi ile bir araya gelerek Halep\u2019te insani yard\u0131m durumunu ve bu alanda i\u015fbirli\u011fi ve ortak koordinasyonu geli\u015ftirme y\u00f6ntemlerini incelediler. Uluslararas\u0131 \u00f6rg\u00fctlerin insani yard\u0131m \u00e7al\u0131\u015fmalar\u0131nda oynad\u0131klar\u0131 rol\u00fcn \u00f6nemine i\u015faret eden Ulbi; valili\u011fin, ter\u00f6r ma\u011fduru b\u00fct\u00fcn ailelere yard\u0131m ula\u015ft\u0131r\u0131lmas\u0131na &hellip;<\/p>\n","protected":false},"author":1,"featured_media":20246,"comment_status":"closed","ping_status":"closed","sticky":false,"template":"","format":"standard","meta":{"footnotes":""},"categories":[479,478],"tags":[9694,9695,9696],"class_list":["post-20245","post","type-post","status-publish","format-standard","has-post-thumbnail","","category-haberler-yerel","category-yerel","tag-kizilhac-orgutu-en-buyuk-butceyi-suriye-icin-ayirdi-halep-halep-valisi-muhammed-mervan-el-ulbi-bugun-uluslararasi-kizilhac-orgutu-suriye-ofisi-saha-organizatoru-asim-el-isavi-ile-bir-araya-g","tag-teror-magduru-butun-ailelere-yardim-ulastirilmasina-buyuk-bir-onem-verdigini-belirtti-ote-yandan-kizilay-orgutunun","tag-zarar-gormus-insanlara-ve-ailelere-yardim-ulastirilmasini-amaclamasi-yonuyle-uluslararasi-kizilhac-orgutunun-temel-ortagi-sayilabilecegine-isaret-eden-isavi-suriye-hukumeti-ve-halep-valiliginin-kizil"],"_links":{"self":[{"href":"https:\/\/archive.sana.sy\/tr\/index.php?rest_route=\/wp\/v2\/posts\/20245","targetHints":{"allow":["GET"]}}],"collection":[{"href":"https:\/\/archive.sana.sy\/tr\/index.php?rest_route=\/wp\/v2\/posts"}],"about":[{"href":"https:\/\/archive.sana.sy\/tr\/index.php?rest_route=\/wp\/v2\/types\/post"}],"author":[{"embeddable":true,"href":"https:\/\/archive.sana.sy\/tr\/index.php?rest_route=\/wp\/v2\/users\/1"}],"replies":[{"embeddable":true,"href":"https:\/\/archive.sana.sy\/tr\/index.php?rest_route=%2Fwp%2Fv2%2Fcomments&post=20245"}],"version-history":[{"count":0,"href":"https:\/\/archive.sana.sy\/tr\/index.php?rest_route=\/wp\/v2\/posts\/20245\/revisions"}],"wp:featuredmedia":[{"embeddable":true,"href":"https:\/\/archive.sana.sy\/tr\/index.php?rest_route=\/wp\/v2\/media\/20246"}],"wp:attachment":[{"href":"https:\/\/archive.sana.sy\/tr\/index.php?rest_route=%2Fwp%2Fv2%2Fmedia&parent=20245"}],"wp:term":[{"taxonomy":"category","embeddable":true,"href":"https:\/\/archive.sana.sy\/tr\/index.php?rest_route=%2Fwp%2Fv2%2Fcategories&post=20245"},{"taxonomy":"post_tag","embeddable":true,"href":"https:\/\/archive.sana.sy\/tr\/index.php?rest_route=%2Fwp%2Fv2%2Ftags&post=20245"}],"curies":[{"name":"wp","href":"https:\/\/api.w.org\/{rel}","templated":true}]}}