{"id":20254,"date":"2015-01-10T12:45:14","date_gmt":"2015-01-10T10:45:14","guid":{"rendered":"http:\/\/www.sana.sy\/tr\/?p=20254"},"modified":"2015-01-10T12:45:14","modified_gmt":"2015-01-10T10:45:14","slug":"allaf-abu-dhabide-jokovic-ile-calisti","status":"publish","type":"post","link":"https:\/\/archive.sana.sy\/tr\/?p=20254","title":{"rendered":"Allaf Abu Dhabi\u2019de Jokovi\u00e7 \u0130le \u00c7al\u0131\u015ft\u0131"},"content":{"rendered":"<p><a href=\"http:\/\/www.sana.sy\/tr\/wp-content\/uploads\/2015\/01\/Allaf-Murray.jpg\"><img loading=\"lazy\" decoding=\"async\" class=\"alignright size-medium wp-image-20256\" src=\"http:\/\/www.sana.sy\/tr\/wp-content\/uploads\/2015\/01\/Allaf-Murray-225x300.jpg\" alt=\"Allaf Murray\" width=\"225\" height=\"300\" srcset=\"https:\/\/archive.sana.sy\/tr\/wp-content\/uploads\/2015\/01\/Allaf-Murray-225x300.jpg 225w, https:\/\/archive.sana.sy\/tr\/wp-content\/uploads\/2015\/01\/Allaf-Murray-113x150.jpg 113w, https:\/\/archive.sana.sy\/tr\/wp-content\/uploads\/2015\/01\/Allaf-Murray-768x1024.jpg 768w\" sizes=\"auto, (max-width: 225px) 100vw, 225px\" \/><\/a>\u015eAM \u2013 Suriyeli gen\u00e7 tenis\u00e7i Kerim Allaf, S\u0131rbistanl\u0131 d\u00fcnyan\u0131n erkekler 1 numaral\u0131 tenis\u00e7isi Novak Jokovi\u00e7 ile birlikte ge\u00e7en Cumartesi g\u00fcn\u00fc sona eren Abu Dhabi \u00f6zel \u015fampiyonas\u0131nda birlikte \u00e7al\u0131\u015fmas\u0131 i\u00e7in se\u00e7ildi.<br \/>\nAllaf\u2019\u0131n se\u00e7imi ge\u00e7en y\u0131l ald\u0131\u011f\u0131 ba\u015far\u0131l\u0131 sonu\u00e7lar ard\u0131ndan geldi.<\/p>\n<p>Allaf\u2019\u0131n edindi\u011fi bu tecr\u00fcbe bu y\u0131l i\u00e7erisinde oynayaca\u011f\u0131 ve birincisinin Abu Dhabi\u2019de bu ay\u0131n 14\u2019\u00fcnde ba\u015flayaca\u011f\u0131 kar\u015f\u0131la\u015fmalarda \u00f6nemli ba\u015far\u0131lar elde etmede te\u015fvik edici say\u0131l\u0131yor.<\/p>\n<p>Abu Dhabi 2. \u00f6zel tenis \u015fampiyonas\u0131n\u0131 Jokovi\u00e7\u2019in hastal\u0131\u011f\u0131 sebebiyle turnuvadan \u00e7ekilmesi ard\u0131ndan ikinci kez d\u00fcnya 6.c\u0131s\u0131 \u0130ngiliz tenis\u00e7i Andy Murray kazand\u0131.<\/p>\n","protected":false},"excerpt":{"rendered":"<p>\u015eAM \u2013 Suriyeli gen\u00e7 tenis\u00e7i Kerim Allaf, S\u0131rbistanl\u0131 d\u00fcnyan\u0131n erkekler 1 numaral\u0131 tenis\u00e7isi Novak Jokovi\u00e7 ile birlikte ge\u00e7en Cumartesi g\u00fcn\u00fc sona eren Abu Dhabi \u00f6zel \u015fampiyonas\u0131nda birlikte \u00e7al\u0131\u015fmas\u0131 i\u00e7in se\u00e7ildi. Allaf\u2019\u0131n se\u00e7imi ge\u00e7en y\u0131l ald\u0131\u011f\u0131 ba\u015far\u0131l\u0131 sonu\u00e7lar ard\u0131ndan geldi. Allaf\u2019\u0131n edindi\u011fi bu tecr\u00fcbe bu y\u0131l i\u00e7erisinde oynayaca\u011f\u0131 ve birincisinin Abu Dhabi\u2019de bu ay\u0131n 14\u2019\u00fcnde ba\u015flayaca\u011f\u0131 &hellip;<\/p>\n","protected":false},"author":1,"featured_media":20255,"comment_status":"closed","ping_status":"closed","sticky":false,"template":"","format":"standard","meta":{"footnotes":""},"categories":[496],"tags":[9698,9699],"class_list":["post-20254","post","type-post","status-publish","format-standard","has-post-thumbnail","","category-spor","tag-allaf-abu-dhabide-antrenmanlarini-jokovic-ile-yapti","tag-allaf-abu-dhabide-jokovic-ile-calisti"],"_links":{"self":[{"href":"https:\/\/archive.sana.sy\/tr\/index.php?rest_route=\/wp\/v2\/posts\/20254","targetHints":{"allow":["GET"]}}],"collection":[{"href":"https:\/\/archive.sana.sy\/tr\/index.php?rest_route=\/wp\/v2\/posts"}],"about":[{"href":"https:\/\/archive.sana.sy\/tr\/index.php?rest_route=\/wp\/v2\/types\/post"}],"author":[{"embeddable":true,"href":"https:\/\/archive.sana.sy\/tr\/index.php?rest_route=\/wp\/v2\/users\/1"}],"replies":[{"embeddable":true,"href":"https:\/\/archive.sana.sy\/tr\/index.php?rest_route=%2Fwp%2Fv2%2Fcomments&post=20254"}],"version-history":[{"count":0,"href":"https:\/\/archive.sana.sy\/tr\/index.php?rest_route=\/wp\/v2\/posts\/20254\/revisions"}],"wp:featuredmedia":[{"embeddable":true,"href":"https:\/\/archive.sana.sy\/tr\/index.php?rest_route=\/wp\/v2\/media\/20255"}],"wp:attachment":[{"href":"https:\/\/archive.sana.sy\/tr\/index.php?rest_route=%2Fwp%2Fv2%2Fmedia&parent=20254"}],"wp:term":[{"taxonomy":"category","embeddable":true,"href":"https:\/\/archive.sana.sy\/tr\/index.php?rest_route=%2Fwp%2Fv2%2Fcategories&post=20254"},{"taxonomy":"post_tag","embeddable":true,"href":"https:\/\/archive.sana.sy\/tr\/index.php?rest_route=%2Fwp%2Fv2%2Ftags&post=20254"}],"curies":[{"name":"wp","href":"https:\/\/api.w.org\/{rel}","templated":true}]}}