{"id":20258,"date":"2015-01-10T12:48:16","date_gmt":"2015-01-10T10:48:16","guid":{"rendered":"http:\/\/www.sana.sy\/tr\/?p=20258"},"modified":"2015-01-10T12:48:16","modified_gmt":"2015-01-10T10:48:16","slug":"halka-yol-actiklari-acilarin-ticaretini-yapan-teroristler-insani-yardimlari-engellemeye-devam-ediyor","status":"publish","type":"post","link":"https:\/\/archive.sana.sy\/tr\/?p=20258","title":{"rendered":"Halka Yol A\u00e7t\u0131klar\u0131 Ac\u0131lar\u0131n Ticaretini Yapan Ter\u00f6ristler \u0130nsani Yard\u0131mlar\u0131 Engellemeye Devam Ediyor"},"content":{"rendered":"<p>\u015eAM \u2013 \u015eam\u2019\u0131n kenar mahallelerinden biri say\u0131lan ve Filistinli m\u00fcltecilerin yo\u011fun olarak ya\u015fad\u0131klar\u0131 Yerm\u00fck Semtindeki silahl\u0131 ter\u00f6r \u00e7eteleri ard\u0131 ard\u0131na be\u015finci haftada insani yard\u0131mlar\u0131n semt ahalisine ula\u015ft\u0131r\u0131lmas\u0131n\u0131 engelliyorlar.<\/p>\n<p>Bulunduklar\u0131 b\u00f6lgelerde ahaliye bask\u0131 ve dayatmalar\u0131n\u0131n yan\u0131 s\u0131ra \u00e7ektikleri ac\u0131lar\u0131n ticaretini yapmaya ve kamuoyunu aldatmaya devam eden ter\u00f6r \u00e7eteleri Yerm\u00fck Semtinde g\u0131da ve t\u0131bb\u0131 yard\u0131mlar\u0131n da\u011f\u0131t\u0131ld\u0131\u011f\u0131 Rama Caddesini keskin ni\u015fanc\u0131 ate\u015fine tuttu. Ter\u00f6ristler semt ahalisinin yard\u0131mlar\u0131n da\u011f\u0131t\u0131ld\u0131\u011f\u0131 yere gelmelerini engellemeye \u00e7al\u0131\u015ft\u0131.<\/p>\n<p>SANA\u2019ya a\u00e7\u0131klama yapan Filistinli Arap M\u00fclteciler Heyeti Ba\u015fkan\u0131 Ali Mustafa; insani yard\u0131mlar\u0131 da\u011f\u0131tan heyet ekipleriyle birlikte BM Filsitinlileri \u00c7al\u0131\u015ft\u0131rma ve Yard\u0131m Kurumu UNRWA ekibinin Rama Caddesine ula\u015fmalar\u0131ndan hemen sonra keskin ni\u015fanc\u0131 silahlar\u0131yla b\u00f6lgeye ate\u015f a\u00e7maya ba\u015flad\u0131klar\u0131n\u0131 a\u00e7\u0131klad\u0131. Mustafa b\u00f6ylece yard\u0131m ekiplerinin derhal b\u00f6lgeden \u00e7ekilmek zorunda kald\u0131klar\u0131n\u0131 s\u00f6yledi.<\/p>\n","protected":false},"excerpt":{"rendered":"<p>\u015eAM \u2013 \u015eam\u2019\u0131n kenar mahallelerinden biri say\u0131lan ve Filistinli m\u00fcltecilerin yo\u011fun olarak ya\u015fad\u0131klar\u0131 Yerm\u00fck Semtindeki silahl\u0131 ter\u00f6r \u00e7eteleri ard\u0131 ard\u0131na be\u015finci haftada insani yard\u0131mlar\u0131n semt ahalisine ula\u015ft\u0131r\u0131lmas\u0131n\u0131 engelliyorlar. Bulunduklar\u0131 b\u00f6lgelerde ahaliye bask\u0131 ve dayatmalar\u0131n\u0131n yan\u0131 s\u0131ra \u00e7ektikleri ac\u0131lar\u0131n ticaretini yapmaya ve kamuoyunu aldatmaya devam eden ter\u00f6r \u00e7eteleri Yerm\u00fck Semtinde g\u0131da ve t\u0131bb\u0131 yard\u0131mlar\u0131n da\u011f\u0131t\u0131ld\u0131\u011f\u0131 Rama &hellip;<\/p>\n","protected":false},"author":1,"featured_media":20259,"comment_status":"closed","ping_status":"closed","sticky":false,"template":"","format":"standard","meta":{"footnotes":""},"categories":[479,575,478],"tags":[9700],"class_list":["post-20258","post","type-post","status-publish","format-standard","has-post-thumbnail","","category-haberler-yerel","category-olaylar-ve-gercekler","category-yerel","tag-ardi-ardina-5-haftada-insani-yardimlari-engelliyorlar-sam-samin-kenar-mahallelerinden-biri-sayilan-ve-filistinli-multecilerin-yogun-olarak-yasadiklari-yermuk-semtindeki-silahli-ter"],"_links":{"self":[{"href":"https:\/\/archive.sana.sy\/tr\/index.php?rest_route=\/wp\/v2\/posts\/20258","targetHints":{"allow":["GET"]}}],"collection":[{"href":"https:\/\/archive.sana.sy\/tr\/index.php?rest_route=\/wp\/v2\/posts"}],"about":[{"href":"https:\/\/archive.sana.sy\/tr\/index.php?rest_route=\/wp\/v2\/types\/post"}],"author":[{"embeddable":true,"href":"https:\/\/archive.sana.sy\/tr\/index.php?rest_route=\/wp\/v2\/users\/1"}],"replies":[{"embeddable":true,"href":"https:\/\/archive.sana.sy\/tr\/index.php?rest_route=%2Fwp%2Fv2%2Fcomments&post=20258"}],"version-history":[{"count":0,"href":"https:\/\/archive.sana.sy\/tr\/index.php?rest_route=\/wp\/v2\/posts\/20258\/revisions"}],"wp:featuredmedia":[{"embeddable":true,"href":"https:\/\/archive.sana.sy\/tr\/index.php?rest_route=\/wp\/v2\/media\/20259"}],"wp:attachment":[{"href":"https:\/\/archive.sana.sy\/tr\/index.php?rest_route=%2Fwp%2Fv2%2Fmedia&parent=20258"}],"wp:term":[{"taxonomy":"category","embeddable":true,"href":"https:\/\/archive.sana.sy\/tr\/index.php?rest_route=%2Fwp%2Fv2%2Fcategories&post=20258"},{"taxonomy":"post_tag","embeddable":true,"href":"https:\/\/archive.sana.sy\/tr\/index.php?rest_route=%2Fwp%2Fv2%2Ftags&post=20258"}],"curies":[{"name":"wp","href":"https:\/\/api.w.org\/{rel}","templated":true}]}}