{"id":20275,"date":"2015-01-10T08:50:56","date_gmt":"2015-01-10T06:50:56","guid":{"rendered":"http:\/\/www.sana.sy\/tr\/?p=20275"},"modified":"2015-01-12T08:18:43","modified_gmt":"2015-01-12T06:18:43","slug":"20275","status":"publish","type":"post","link":"https:\/\/archive.sana.sy\/tr\/?p=20275","title":{"rendered":"Ter\u00f6r \u00c7etelerinin Saha Komutanlar\u0131 ve Ara\u00e7lar\u0131yla A\u011f\u0131r Kay\u0131plar\u0131 Devam Ediyor"},"content":{"rendered":"<p>\u0130LLER \u2013 Ordu birliklerimiz \u00e7okuluslu tekfirci, kiral\u0131k ve hain ter\u00f6r \u00e7etelere y\u00f6nelik operasyonlar\u0131n\u0131 bug\u00fcn\u00a0s\u00fcrd\u00fcr\u00fcrken, muhtelif b\u00f6lgelerde saha komutanlar\u0131, ara\u00e7lar\u0131 ve cephaneleriyle onlar\u0131 a\u011f\u0131r kay\u0131plara u\u011fratmaya devam etti.<\/p>\n<p><span style=\"color: #0000ff\">\u015eam K\u0131rsal\u0131nda Operasyonlar S\u00fcr\u00fcyor<\/span><\/p>\n<p>Askeri kaynak ordu birliklerimizin bug\u00fcn \u015eam\u2019\u0131n do\u011fu kenarlar mahallelerinden Cobar\u2019da tekfirci ve hain ter\u00f6r \u00e7eteleri ile \u015fiddetli \u00e7at\u0131\u015fmaya girdi\u011fini aktar\u0131rken cephenin derinliklerinde ter\u00f6ristlerin siper ve karargahlar\u0131n\u0131n hedef al\u0131nd\u0131\u011f\u0131n\u0131 belirtti.<\/p>\n<p>Kalemun B\u00f6lgesinde ise ordu birliklerimiz ter\u00f6ristlerin Flayda da\u011fl\u0131k alanlar\u0131na s\u0131zma giri\u015fimlerini \u00e7\u00f6kerterek onlar\u0131 b\u00fcy\u00fck be\u015feri kay\u0131plara u\u011fratt\u0131.<\/p>\n<p>Do\u011fu \u011euta\u2019da Zibdin Beldesi civar\u0131nda ter\u00f6ristlerin k\u00fcmelenme yerlerini hedef alan ordu birliklerimiz; Zebadani B\u00f6lgesinde de ter\u00f6ristlerin bir\u00e7ok mevkiini muhtevalar\u0131yla imha etti.<\/p>\n<p><span style=\"color: #0000ff\">Homs K\u0131rsal\u0131nda Saha Komutanlar\u0131n\u0131n Karargah\u0131 \u0130mha Edildi<\/span><\/p>\n<p>Askeri kaynak ordu birliklerimizin Do\u011fu Mdeyrca ve Zara b\u00f6lgelerinin yan\u0131 s\u0131ra Resten\u2019de Gacer Emir ile Kiysin k\u00f6yleri aras\u0131 ve Hula\u2019da Akrab K\u00f6y\u00fcnde ter\u00f6r \u00e7etelerinin mevkilerini hedef al\u0131p onlarla s\u0131cak temasa da girdiklerini aktard\u0131. Kaynak operasyonlarda aralar\u0131nda saha komutanlar\u0131n\u0131n bulundu\u011fu \u00e7ok say\u0131da ter\u00f6ristin ara\u00e7 ve cephaneleriyle birlikte etkisizle\u015ftirildiklerini belirtti.<\/p>\n<p>Askeri kaynak G\u00fcney Ayn H\u00fcseyin, Telbise Kentindeki Huzur Evi \u00e7evresi, Hilaliye \u00c7iftli\u011fi ve Tel Ebu el Senasil b\u00f6lgelerinde bir k\u0131sm\u0131 ter\u00f6r komutanlar\u0131n\u0131n karargah\u0131 olan bir\u00e7ok ter\u00f6r mevkiinin muhtevalar\u0131yla imha edildi\u011fini s\u00f6yledi.<\/p>\n<p><span style=\"color: #0000ff\">Silah Deposunda \u0130srail Yap\u0131m\u0131 Makineli Silah Bulundu<\/span><\/p>\n<p><a href=\"http:\/\/www.sana.sy\/tr\/wp-content\/uploads\/2015\/01\/silah-deposu-2.jpg\"><img loading=\"lazy\" decoding=\"async\" class=\"alignright wp-image-20301 size-medium\" src=\"http:\/\/www.sana.sy\/tr\/wp-content\/uploads\/2015\/01\/silah-deposu-2-300x160.jpg\" alt=\"silah deposu 2\" width=\"300\" height=\"160\" srcset=\"https:\/\/archive.sana.sy\/tr\/wp-content\/uploads\/2015\/01\/silah-deposu-2-300x160.jpg 300w, https:\/\/archive.sana.sy\/tr\/wp-content\/uploads\/2015\/01\/silah-deposu-2-150x80.jpg 150w, https:\/\/archive.sana.sy\/tr\/wp-content\/uploads\/2015\/01\/silah-deposu-2.jpg 620w\" sizes=\"auto, (max-width: 300px) 100vw, 300px\" \/><\/a>Homs k\u0131rsal\u0131n\u0131n Kefar Aya K\u00f6y\u00fcnde ise ordu birliklerimiz in\u015faat halindeki bir binada ter\u00f6ristlere ait bir silah ve m\u00fchimmat deposu ele ge\u00e7irdi.<\/p>\n<p>Saha kaynaklar\u0131 ele ge\u00e7irilen silahlar aras\u0131nda \u0130srail mal\u0131 makineli bir silah\u0131n bulundu\u011funu s\u00f6yledi.<\/p>\n<p><span style=\"color: #0000ff\">Dera K\u0131rsal\u0131nda Tekfirci Ter\u00f6ristler \u00d6ld\u00fcr\u00fcld\u00fc<\/span><\/p>\n<p>\u00d6te yandan ordu birliklerimiz Dera k\u0131rsal\u0131n\u0131n Enhil, \u015eeyh Miskin ve Deyr Ades b\u00f6lgeleriyle birlikte Etman Beldesinin bat\u0131s\u0131nda tekfirci ter\u00f6ristlerin bir\u00e7ok mevkiini muhtevalar\u0131yla tahrip etti. Saha kaynaklar\u0131 ordu birliklerimizin s\u00f6z konusu b\u00f6lgelerde ter\u00f6ristlerle s\u0131cak temasa da ge\u00e7tiklerini aktar\u0131rken, operasyonlarda bir k\u0131sm\u0131 yabanc\u0131 olan \u00e7ok say\u0131da tekfircinin \u00f6l\u00fc yaral\u0131 d\u00fc\u015f\u00fcr\u00fcld\u00fc\u011f\u00fcn\u00fc ifade etti.<\/p>\n<p>Bu arada b\u00f6lgedeki ter\u00f6r ve vah\u015fet eylemlerinde d\u00fc\u015fman \u0130srail\u2019den direk destek alan ter\u00f6r \u00e7eteleri provokat\u00f6r medya ara\u00e7lar\u0131nda ordunun darbeleri alt\u0131nda a\u011f\u0131r kay\u0131plar verdiklerini itiraf etti.<\/p>\n<p>Suvra ve Alma b\u00f6lgelerinde Nusra Cephesi \u00e7etelerini say\u0131 ve te\u00e7hizatlar\u0131yla a\u011f\u0131r kay\u0131plara u\u011fratan ordu birliklerimiz, Tafas ve Busr el Harir b\u00f6lgelerinde de \u0130srail destekli tekfirci ve hain \u00e7ok say\u0131da ter\u00f6risti ara\u00e7lar\u0131yla birlikte etkisizle\u015ftirdi.<\/p>\n<p>Ordu birliklerimiz \u00dcrd\u00fcn s\u0131n\u0131rlar\u0131na yak\u0131n olmas\u0131yla ter\u00f6r \u00e7etelerinin Arap ve b\u00f6lgesel rejimlerin deste\u011fi ile silah ve yabanc\u0131 ter\u00f6rist temininde ge\u00e7it olarak kulland\u0131klar\u0131 Mzeyrib B\u00f6lgesinde aralar\u0131nda yabanc\u0131lar\u0131n bulundu\u011fu \u00e7ok say\u0131da ter\u00f6risti \u00f6l\u00fc yaral\u0131 d\u00fc\u015f\u00fcrd\u00fc.<\/p>\n<p>Dera k\u0131rsal\u0131 Dael Beldesinde ter\u00f6r \u00e7etelerine ait silah ve m\u00fchimmat deposunu muhtevalar\u0131yla havaya u\u00e7uran ordu birliklerimiz, yine bir\u00e7ok ter\u00f6risti etkizle\u015ftirdi.<\/p>\n<p><span style=\"color: #0000ff\">\u0130dlib K\u0131rsal\u0131nda Mevki ve K\u00fcmelenme Yerleri \u0130mha Edildi<\/span><\/p>\n<p>Bu arada saha kaynaklar\u0131 ordu birliklerimizin \u0130dlib k\u0131rsal\u0131n\u0131n bir\u00e7ok b\u00f6lgesinde T\u00fcrkiye&#8217;deki Erdo\u011fan rejiminden destek alan tekfirci ve hain ter\u00f6r \u00e7etelere ait mevki ve cephaneliklerin imha edildi\u011fini belirtti.<\/p>\n<p>Kaynaklar\u0131 ordu birliklerimizin \u0130\u015ftabrak ormanlar\u0131, Ebu el Zuhur, Hasan el \u015eerif \u00c7iftli\u011fi ve \u015eu\u011fur Kasabas\u0131n\u0131n \u00e7evresinde aralar\u0131nda yabanc\u0131 ve tehlikeli ter\u00f6ristlerin bulundu\u011fu \u00e7ok say\u0131da ter\u00f6ristin \u00f6ld\u00fcr\u00fcld\u00fc\u011f\u00fcn\u00fc s\u00f6yledi.<\/p>\n<p>\u0130dlib k\u0131rsal\u0131n\u0131n Rami, Sermin, Ebu el Zuhur, Musteriha ve Beyyaat el Suhna b\u00f6lgelerinde ter\u00f6ristlerin k\u00fcmelenme yerleri ve karargahlar\u0131n\u0131 muhtevalar\u0131yla imha eden ordu birliklerimiz; \u00e7ok say\u0131da ter\u00f6risti ara\u00e7 ve cephaneleriyle birlikte etkisizle\u015ftirdi.<\/p>\n<p><span style=\"color: #0000ff\">Kunaytra K\u0131rsal\u0131nda Bir\u00e7ok Ter\u00f6rist \u00d6ld\u00fcr\u00fcld\u00fc<\/span><\/p>\n<p>Kunaytra k\u0131rsal\u0131nda \u0130srail destekli ter\u00f6r \u00e7etelere y\u00f6nelik operasyonlar\u0131n\u0131 s\u00fcrd\u00fcren ordu birliklerimiz il k\u0131rsal\u0131n\u0131n Nebii el Sahr ve Mumtanna beldelerinde \u00e7ok say\u0131da ter\u00f6risti su\u00e7 edatlar\u0131 ve cephaneleriyle birlikte etkisizle\u015ftirdi.<\/p>\n","protected":false},"excerpt":{"rendered":"<p>\u0130LLER \u2013 Ordu birliklerimiz \u00e7okuluslu tekfirci, kiral\u0131k ve hain ter\u00f6r \u00e7etelere y\u00f6nelik operasyonlar\u0131n\u0131 bug\u00fcn\u00a0s\u00fcrd\u00fcr\u00fcrken, muhtelif b\u00f6lgelerde saha komutanlar\u0131, ara\u00e7lar\u0131 ve cephaneleriyle onlar\u0131 a\u011f\u0131r kay\u0131plara u\u011fratmaya devam etti. \u015eam K\u0131rsal\u0131nda Operasyonlar S\u00fcr\u00fcyor Askeri kaynak ordu birliklerimizin bug\u00fcn \u015eam\u2019\u0131n do\u011fu kenarlar mahallelerinden Cobar\u2019da tekfirci ve hain ter\u00f6r \u00e7eteleri ile \u015fiddetli \u00e7at\u0131\u015fmaya girdi\u011fini aktar\u0131rken cephenin derinliklerinde ter\u00f6ristlerin siper &hellip;<\/p>\n","protected":false},"author":1,"featured_media":20302,"comment_status":"closed","ping_status":"closed","sticky":false,"template":"","format":"standard","meta":{"footnotes":""},"categories":[575],"tags":[9710,5848,9715,9712,9708,9709,9714,9713,9711,9707],"class_list":["post-20275","post","type-post","status-publish","format-standard","has-post-thumbnail","","category-olaylar-ve-gercekler","tag-araclari-ve-cephaneleriyle-onlari-agir-kayiplara-ugratmaya-devam-etti-homs-kirsalinda-saha-komutanlarinin-karargahi-imha-edildi-askeri-kaynak-ordu-birliklerimizin-dogu-mdeyrca-ve-zara-bolgelerinin-ya","tag-ebu-el-zuhur","tag-hasan-el-serif-ciftligi-ve-sugur-kasabasinin-cevresinde-aralarinda-yabanci-ve-tehlikeli-teroristlerin-bulundugu-cok-sayida-teroristin-olduruldugunu-soyledi","tag-hilaliye-ciftligi-ve-tel-ebu-el-senasil-bolgelerinde-bir-kismi-teror-komutanlarinin-karargahi-olan-bircok-teror-mevkiinin-muhtevalariyla-imha-edildigini-soyledi-dera-kirsalinda-tekfirci-teroristler-o","tag-kiralik-ve-hain-teror-cetelere-yonelik-operasyonlarini-bugun-surdururken","tag-muhtelif-bolgelerde-saha-komutanlari","tag-operasyonlarda-bir-kismi-yabanci-olan-cok-sayida-tekfircinin-olu-yarali-dusuruldugunu-ifade-etti-bu-arada-bolgedeki-teror-ve-vahset-eylemlerinde-dusman-israilden-direk-destek-alan-teror-cete","tag-seyh-miskin-ve-deyr-ades-bolgeleriyle-birlikte-etman-beldesinin-batisinda-tekfirci-teroristlerin-bircok-mevkiini-muhtevalariyla-tahrip-etti-saha-kaynaklari-ordu-birliklerimizin-soz-konusu-bolgelerde","tag-telbise-kentindeki-huzur-evi-cevresi","tag-teror-cetelerinin-saha-komutanlari-ve-araclariyla-agir-kayiplari-devam-ediyor-iller-ordu-birliklerimiz-cokuluslu-tekfirci"],"_links":{"self":[{"href":"https:\/\/archive.sana.sy\/tr\/index.php?rest_route=\/wp\/v2\/posts\/20275","targetHints":{"allow":["GET"]}}],"collection":[{"href":"https:\/\/archive.sana.sy\/tr\/index.php?rest_route=\/wp\/v2\/posts"}],"about":[{"href":"https:\/\/archive.sana.sy\/tr\/index.php?rest_route=\/wp\/v2\/types\/post"}],"author":[{"embeddable":true,"href":"https:\/\/archive.sana.sy\/tr\/index.php?rest_route=\/wp\/v2\/users\/1"}],"replies":[{"embeddable":true,"href":"https:\/\/archive.sana.sy\/tr\/index.php?rest_route=%2Fwp%2Fv2%2Fcomments&post=20275"}],"version-history":[{"count":0,"href":"https:\/\/archive.sana.sy\/tr\/index.php?rest_route=\/wp\/v2\/posts\/20275\/revisions"}],"wp:featuredmedia":[{"embeddable":true,"href":"https:\/\/archive.sana.sy\/tr\/index.php?rest_route=\/wp\/v2\/media\/20302"}],"wp:attachment":[{"href":"https:\/\/archive.sana.sy\/tr\/index.php?rest_route=%2Fwp%2Fv2%2Fmedia&parent=20275"}],"wp:term":[{"taxonomy":"category","embeddable":true,"href":"https:\/\/archive.sana.sy\/tr\/index.php?rest_route=%2Fwp%2Fv2%2Fcategories&post=20275"},{"taxonomy":"post_tag","embeddable":true,"href":"https:\/\/archive.sana.sy\/tr\/index.php?rest_route=%2Fwp%2Fv2%2Ftags&post=20275"}],"curies":[{"name":"wp","href":"https:\/\/api.w.org\/{rel}","templated":true}]}}