{"id":20286,"date":"2015-01-10T15:23:36","date_gmt":"2015-01-10T13:23:36","guid":{"rendered":"http:\/\/www.sana.sy\/tr\/?p=20286"},"modified":"2015-01-10T15:23:36","modified_gmt":"2015-01-10T13:23:36","slug":"neva-ahalisi-nusra-cetelerine-karsi-yurudu","status":"publish","type":"post","link":"https:\/\/archive.sana.sy\/tr\/?p=20286","title":{"rendered":"Neva Ahalisi Nusra \u00c7etelerine Kar\u015f\u0131 Y\u00fcr\u00fcd\u00fc"},"content":{"rendered":"<p>DERA \u2013 Dera k\u0131rsal\u0131 Neva Kasabas\u0131 ahalisi kalabal\u0131k kitleler halinde soka\u011fa d\u00f6k\u00fclerek; Nusra Cephesinin kasabadaki \u0130mam el Nevavi\u2019nin t\u00fcrbesini havaya u\u00e7urmas\u0131n\u0131 k\u0131nad\u0131.<\/p>\n<p>Yerel kaynaklar Neva ahalisinin g\u00f6sterilerinde Nusra Cephesine kar\u015f\u0131 sloganlar atarak kasabalar\u0131ndan ayr\u0131lmalar\u0131n\u0131 talep ettiklerini aktard\u0131.<\/p>\n<p>Bu arada Nusra Cephesi ge\u00e7en \u00c7ar\u015famba g\u00fcn\u00fc Dera Kentinin 45 km bat\u0131s\u0131na d\u00fc\u015fen Neva Kasabas\u0131nda \u0130mam el Nevavi\u2019nin makam\u0131n\u0131 havaya u\u00e7urmu\u015flard\u0131.<\/p>\n","protected":false},"excerpt":{"rendered":"<p>DERA \u2013 Dera k\u0131rsal\u0131 Neva Kasabas\u0131 ahalisi kalabal\u0131k kitleler halinde soka\u011fa d\u00f6k\u00fclerek; Nusra Cephesinin kasabadaki \u0130mam el Nevavi\u2019nin t\u00fcrbesini havaya u\u00e7urmas\u0131n\u0131 k\u0131nad\u0131. Yerel kaynaklar Neva ahalisinin g\u00f6sterilerinde Nusra Cephesine kar\u015f\u0131 sloganlar atarak kasabalar\u0131ndan ayr\u0131lmalar\u0131n\u0131 talep ettiklerini aktard\u0131. Bu arada Nusra Cephesi ge\u00e7en \u00c7ar\u015famba g\u00fcn\u00fc Dera Kentinin 45 km bat\u0131s\u0131na d\u00fc\u015fen Neva Kasabas\u0131nda \u0130mam el Nevavi\u2019nin &hellip;<\/p>\n","protected":false},"author":1,"featured_media":20287,"comment_status":"closed","ping_status":"closed","sticky":false,"template":"","format":"standard","meta":{"footnotes":""},"categories":[575],"tags":[9718],"class_list":["post-20286","post","type-post","status-publish","format-standard","has-post-thumbnail","","category-olaylar-ve-gercekler","tag-neva-ahalisi-nusra-cetelerine-karsi-yurudu-dera-dera-kirsali-neva-kasabasi-ahalisi-kalabalik-kitleler-halinde-sokaga-dokulerek-nusra-cephesinin-kasabadaki-imam-el-nevavinin-turbesi"],"_links":{"self":[{"href":"https:\/\/archive.sana.sy\/tr\/index.php?rest_route=\/wp\/v2\/posts\/20286","targetHints":{"allow":["GET"]}}],"collection":[{"href":"https:\/\/archive.sana.sy\/tr\/index.php?rest_route=\/wp\/v2\/posts"}],"about":[{"href":"https:\/\/archive.sana.sy\/tr\/index.php?rest_route=\/wp\/v2\/types\/post"}],"author":[{"embeddable":true,"href":"https:\/\/archive.sana.sy\/tr\/index.php?rest_route=\/wp\/v2\/users\/1"}],"replies":[{"embeddable":true,"href":"https:\/\/archive.sana.sy\/tr\/index.php?rest_route=%2Fwp%2Fv2%2Fcomments&post=20286"}],"version-history":[{"count":0,"href":"https:\/\/archive.sana.sy\/tr\/index.php?rest_route=\/wp\/v2\/posts\/20286\/revisions"}],"wp:featuredmedia":[{"embeddable":true,"href":"https:\/\/archive.sana.sy\/tr\/index.php?rest_route=\/wp\/v2\/media\/20287"}],"wp:attachment":[{"href":"https:\/\/archive.sana.sy\/tr\/index.php?rest_route=%2Fwp%2Fv2%2Fmedia&parent=20286"}],"wp:term":[{"taxonomy":"category","embeddable":true,"href":"https:\/\/archive.sana.sy\/tr\/index.php?rest_route=%2Fwp%2Fv2%2Fcategories&post=20286"},{"taxonomy":"post_tag","embeddable":true,"href":"https:\/\/archive.sana.sy\/tr\/index.php?rest_route=%2Fwp%2Fv2%2Ftags&post=20286"}],"curies":[{"name":"wp","href":"https:\/\/api.w.org\/{rel}","templated":true}]}}