{"id":20291,"date":"2015-01-10T15:48:50","date_gmt":"2015-01-10T13:48:50","guid":{"rendered":"http:\/\/www.sana.sy\/tr\/?p=20291"},"modified":"2015-01-10T15:48:50","modified_gmt":"2015-01-10T13:48:50","slug":"deyrezzorda-halk-savunma-gucleri-iside-karsi-basarilarini-pekistiriyor","status":"publish","type":"post","link":"https:\/\/archive.sana.sy\/tr\/?p=20291","title":{"rendered":"Deyrezzor\u2019da Halk Savunma G\u00fc\u00e7leri I\u015e\u0130D\u2019e Kar\u015f\u0131 Ba\u015far\u0131lar\u0131n\u0131 Peki\u015ftiriyor"},"content":{"rendered":"<p>DEYREZZOR \u2013 Yerel kaynaklar SANA\u2019ya a\u00e7\u0131klamalar\u0131nda Deyrezzeor k\u0131rsal\u0131ndaki Halk Savunma G\u00fc\u00e7lerinin do\u011fuda Albuleyl K\u00f6y\u00fcnde I\u015e\u0130D tekfircilerinin kulland\u0131klar\u0131 bir arac\u0131 i\u00e7indeki ter\u00f6ristlerle birlikte imha ettiklerini belirtti.<\/p>\n<p>Kaynaklar Halk Savunma G\u00fc\u00e7lerinin Meyadin Kasabas\u0131 kenarlar\u0131nda da I\u015e\u0130D\u2019li bir ter\u00f6r grubunun \u00fcyelerini canl\u0131 olarak yakalad\u0131klar\u0131n\u0131 aktard\u0131.<\/p>\n","protected":false},"excerpt":{"rendered":"<p>DEYREZZOR \u2013 Yerel kaynaklar SANA\u2019ya a\u00e7\u0131klamalar\u0131nda Deyrezzeor k\u0131rsal\u0131ndaki Halk Savunma G\u00fc\u00e7lerinin do\u011fuda Albuleyl K\u00f6y\u00fcnde I\u015e\u0130D tekfircilerinin kulland\u0131klar\u0131 bir arac\u0131 i\u00e7indeki ter\u00f6ristlerle birlikte imha ettiklerini belirtti. Kaynaklar Halk Savunma G\u00fc\u00e7lerinin Meyadin Kasabas\u0131 kenarlar\u0131nda da I\u015e\u0130D\u2019li bir ter\u00f6r grubunun \u00fcyelerini canl\u0131 olarak yakalad\u0131klar\u0131n\u0131 aktard\u0131.<\/p>\n","protected":false},"author":1,"featured_media":20292,"comment_status":"closed","ping_status":"closed","sticky":false,"template":"","format":"standard","meta":{"footnotes":""},"categories":[575],"tags":[9719],"class_list":["post-20291","post","type-post","status-publish","format-standard","has-post-thumbnail","","category-olaylar-ve-gercekler","tag-deyrezzorda-halk-savunma-gucleri-iside-karsi-basarilarini-pekistiriyor-deyrezzor-yerel-kaynaklar-sanaya-aciklamalarinda-deyrezzeor-kirsalindaki-halk-savunma-gucler"],"_links":{"self":[{"href":"https:\/\/archive.sana.sy\/tr\/index.php?rest_route=\/wp\/v2\/posts\/20291","targetHints":{"allow":["GET"]}}],"collection":[{"href":"https:\/\/archive.sana.sy\/tr\/index.php?rest_route=\/wp\/v2\/posts"}],"about":[{"href":"https:\/\/archive.sana.sy\/tr\/index.php?rest_route=\/wp\/v2\/types\/post"}],"author":[{"embeddable":true,"href":"https:\/\/archive.sana.sy\/tr\/index.php?rest_route=\/wp\/v2\/users\/1"}],"replies":[{"embeddable":true,"href":"https:\/\/archive.sana.sy\/tr\/index.php?rest_route=%2Fwp%2Fv2%2Fcomments&post=20291"}],"version-history":[{"count":0,"href":"https:\/\/archive.sana.sy\/tr\/index.php?rest_route=\/wp\/v2\/posts\/20291\/revisions"}],"wp:featuredmedia":[{"embeddable":true,"href":"https:\/\/archive.sana.sy\/tr\/index.php?rest_route=\/wp\/v2\/media\/20292"}],"wp:attachment":[{"href":"https:\/\/archive.sana.sy\/tr\/index.php?rest_route=%2Fwp%2Fv2%2Fmedia&parent=20291"}],"wp:term":[{"taxonomy":"category","embeddable":true,"href":"https:\/\/archive.sana.sy\/tr\/index.php?rest_route=%2Fwp%2Fv2%2Fcategories&post=20291"},{"taxonomy":"post_tag","embeddable":true,"href":"https:\/\/archive.sana.sy\/tr\/index.php?rest_route=%2Fwp%2Fv2%2Ftags&post=20291"}],"curies":[{"name":"wp","href":"https:\/\/api.w.org\/{rel}","templated":true}]}}